{"id":5491,"date":"2025-07-23T12:41:52","date_gmt":"2025-07-23T09:41:52","guid":{"rendered":"https:\/\/badyh.org\/tr\/?p=5491"},"modified":"2025-09-23T12:42:11","modified_gmt":"2025-09-23T09:42:11","slug":"onlari-kurtarin-kampanyasi-41-binden-fazla-kisiye-umut-oldu","status":"publish","type":"post","link":"https:\/\/badyh.org\/tr\/2025\/07\/23\/onlari-kurtarin-kampanyasi-41-binden-fazla-kisiye-umut-oldu\/","title":{"rendered":"\u201cOnlar\u0131 Kurtar\u0131n\u201d Kampanyas\u0131: 41 Binden Fazla Ki\u015fiye Umut Oldu"},"content":{"rendered":"<p dir=\"ltr\">Yemen\u2019i etkileyen a\u011f\u0131r insani ko\u015fullar i\u00e7inde \u201cOnlar\u0131 Kurtar\u0131n\u201d kampanyas\u0131, bir umut \u0131\u015f\u0131\u011f\u0131 olarak \u00f6ne \u00e7\u0131km\u0131\u015f ve dayan\u0131\u015fma ile payla\u015f\u0131m\u0131n anlaml\u0131 \u00f6rneklerini ortaya koymu\u015ftur. Ge\u00e7ti\u011fimiz d\u00f6nemde kampanya, en savunmas\u0131z gruplardan 41.288 ki\u015fiye ula\u015farak onlar\u0131n temel ihtiya\u00e7lar\u0131n\u0131 kar\u015f\u0131layan kapsaml\u0131 bir acil yard\u0131m paketi hayata ge\u00e7irmi\u015ftir. Bu ba\u015far\u0131, iyili\u011fin h\u00e2l\u00e2 ger\u00e7ek bir fark yaratabilece\u011fini bir kez daha g\u00f6stermektedir.<\/p>\n<p dir=\"ltr\">Taiz ve Ma\u2019rib\u2019deki a\u015f\u0131r\u0131 kalabal\u0131k g\u00f6\u00e7 kamplar\u0131ndan, Hadramut ve Abyan\u2019\u0131n uzak k\u00f6ylerine kadar sahadaki ekipler seferber olmu\u015f; g\u0131da g\u00fcvenli\u011fi, i\u00e7me suyu deste\u011fi, bar\u0131nma yard\u0131m\u0131 ve nakit destek alanlar\u0131nda ya\u015fam kurtar\u0131c\u0131 yard\u0131mlar ula\u015ft\u0131rm\u0131\u015ft\u0131r.<\/p>\n<p dir=\"ltr\"><strong>G\u0131da G\u00fcvenli\u011fi \u2013 Hayat Kurtarmak \u0130\u00e7in \u00d6ncelikli Alan<\/strong><\/p>\n<ul dir=\"ltr\">\n<li>Acil g\u0131da yard\u0131m\u0131 projesi, kampanyan\u0131n m\u00fcdahalelerinin temel ta\u015f\u0131n\u0131 olu\u015fturmu\u015f ve 9.988 ki\u015fiye ula\u015fm\u0131\u015ft\u0131r. G\u0131da g\u00fcvensizli\u011finin ciddiyetinin fark\u0131nda olan kampanya, destek y\u00f6ntemlerini \u00e7e\u015fitlendirerek farkl\u0131 yard\u0131m \u015fekillerini hayata ge\u00e7irmi\u015ftir.<\/li>\n<li>S\u0131cak Haz\u0131r Yemekler: Taiz ve Marib vilayetlerindeki g\u00f6\u00e7men kamplar\u0131 ile yetimhanelerde 2.661 s\u0131cak yemek da\u011f\u0131t\u0131lm\u0131\u015ft\u0131r.<\/li>\n<li>G\u0131da Paketleri: Taiz, Marib ve Hadramut\u2019ta 1.117 kapsaml\u0131 g\u0131da paketi da\u011f\u0131t\u0131larak 5.808\u2019den fazla ki\u015fiye ula\u015f\u0131lm\u0131\u015ft\u0131r. Bu yard\u0131mlar sadece g\u0131da sa\u011flamakla kalmam\u0131\u015f, a\u00e7l\u0131k \u00e7eken binlerce aileye g\u00fcvenlik ve istikrar mesaj\u0131 da ta\u015f\u0131m\u0131\u015ft\u0131r. Paketler, ailelerin haftalarca kendi yemeklerini haz\u0131rlayabilmesini sa\u011flayacak temel malzemeleri i\u00e7ermektedir.<\/li>\n<li>Ekmek Da\u011f\u0131t\u0131m\u0131: Taiz\u2019de 295 ekmek paketi da\u011f\u0131t\u0131larak yakla\u015f\u0131k 846 ki\u015fiye ula\u015f\u0131ld\u0131.<\/li>\n<li>Et Da\u011f\u0131t\u0131m\u0131: Marib\u2019de 40 dana kesilerek etler yerinden edilmi\u015f ailelere da\u011f\u0131t\u0131lm\u0131\u015f ve 8.320 ki\u015fiye ula\u015fm\u0131\u015ft\u0131r.<\/li>\n<\/ul>\n<p dir=\"ltr\"><strong>\u00a0<\/strong><strong>\u0130\u00e7me Suyu Yard\u0131m\u0131 \u2013 Bir Damla Su, Bir Hayat Demektir<\/strong><\/p>\n<p dir=\"ltr\">Temiz suyun ciddi \u015fekilde yetersiz oldu\u011fu Yemen\u2019de, i\u00e7me suyu yard\u0131m\u0131 projesi en b\u00fcy\u00fck etkiyi olu\u015fturmu\u015f ve toplamda 23.571 yararlan\u0131c\u0131ya ula\u015fm\u0131\u015ft\u0131r.<\/p>\n<p dir=\"ltr\">1- \u0130\u00e7me Suyu Temini: \u00ad<\/p>\n<p dir=\"ltr\">2- Sanitasyonun \u0130yile\u015ftirilmesi: M\u00fcdahale yaln\u0131zca su teminiyle s\u0131n\u0131rl\u0131 kalmam\u0131\u015f, ayn\u0131 zamanda sa\u011fl\u0131k altyap\u0131s\u0131n\u0131n iyile\u015ftirilmesine de y\u00f6nelmi\u015ftir. Bin Afian &#8211; Alqatin b\u00f6lgesinde d\u00f6rt hijyenik banyo in\u015fa edilerek insan onuru g\u00fc\u00e7lendirilmi\u015f ve salg\u0131nlar\u0131n yay\u0131lmas\u0131 s\u0131n\u0131rland\u0131r\u0131lm\u0131\u015ft\u0131r. Bu tesislerden 125 ki\u015fi yararlanm\u0131\u015ft\u0131r.<\/p>\n<p dir=\"ltr\"><strong>\u00a0<\/strong><strong>Bar\u0131nma ve Giyim Projeleriyle Bir S\u0131cakl\u0131k Dokunu\u015fu<\/strong><\/p>\n<p dir=\"ltr\">Kampanya s\u00fcresince Albadyh Derne\u011fi \u015fu deste\u011fi sunmu\u015ftur:<\/p>\n<ul dir=\"ltr\">\n<li>Bar\u0131nma Projesi: K\u0131\u015f\u0131n yakla\u015fmas\u0131yla birlikte kampanya kapsam\u0131nda Hadramut ve Taiz\u2019de 31 ki\u015filik giysi ve battaniye da\u011f\u0131t\u0131lm\u0131\u015ft\u0131r. Bu yard\u0131mlar, \u00e7ocuklar ve yeti\u015fkinler i\u00e7in sert so\u011fu\u011fa kar\u015f\u0131 koruyucu bir kalkan olu\u015fturmu\u015ftur.<\/li>\n<\/ul>\n<p dir=\"ltr\"><strong>\u00a0Acil Nakdi Yard\u0131m ile Onur Koruyucu Destek:<\/strong><\/p>\n<p dir=\"ltr\">Nakit Yard\u0131m\u0131: Kampanya kapsam\u0131nda 51 aile, do\u011frudan nakdi desteklerden faydalanm\u0131\u015ft\u0131r. Bu yard\u0131m, ailelere ila\u00e7 sat\u0131n alma, bor\u00e7 \u00f6deme veya di\u011fer acil ihtiya\u00e7lar\u0131n\u0131 kar\u015f\u0131lama imk\u00e2n\u0131 sa\u011flam\u0131\u015ft\u0131r. Bu yakla\u015f\u0131m, yararlan\u0131c\u0131lar\u0131n onurunu korurken dayan\u0131kl\u0131l\u0131klar\u0131n\u0131 da g\u00fc\u00e7lendirmi\u015ftir.<\/p>\n<p dir=\"ltr\"><strong>Sonu\u00e7 \u2026<\/strong><\/p>\n<p dir=\"ltr\">\u201cOnlar\u0131 Kurtar\u0131n\u201d kampanyas\u0131, sadece rakamlardan ibaret de\u011fildir; bu, umut ve direncin somut insan hik\u00e2yeleridir. Kampanya, merhamet ve dayan\u0131\u015fman\u0131n canl\u0131 bir yans\u0131mas\u0131n\u0131 sunmakta ve acil m\u00fcdahalelerin bile bilin\u00e7li bir \u015fekilde uyguland\u0131\u011f\u0131nda insanlar\u0131n hayatlar\u0131nda kal\u0131c\u0131 etkiler yaratabilece\u011fini ortaya koymaktad\u0131r. \u0130htiya\u00e7 devam etti\u011fi s\u00fcrece, bu t\u00fcr nitelikli giri\u015fimlerin her muhta\u00e7 ve ma\u011fdura ula\u015fmaya devam etmesi umut edilmektedir.<\/p>\n<p dir=\"ltr\"><img fetchpriority=\"high\" decoding=\"async\" class=\"aligncenter size-full wp-image-5492\" src=\"https:\/\/badyh.org\/tr\/wp-content\/uploads\/sites\/3\/2025\/09\/DJI_20250804074518_000_00_0720250909-103758-768x432-1.png\" alt=\"\u201cOnlar\u0131 Kurtar\u0131n\u201d Kampanyas\u0131: 41 Binden Fazla Ki\u015fiye Umut Oldu \" width=\"768\" height=\"432\" srcset=\"https:\/\/badyh.org\/tr\/wp-content\/uploads\/sites\/3\/2025\/09\/DJI_20250804074518_000_00_0720250909-103758-768x432-1.png 768w, https:\/\/badyh.org\/tr\/wp-content\/uploads\/sites\/3\/2025\/09\/DJI_20250804074518_000_00_0720250909-103758-768x432-1-300x169.png 300w, https:\/\/badyh.org\/tr\/wp-content\/uploads\/sites\/3\/2025\/09\/DJI_20250804074518_000_00_0720250909-103758-768x432-1-600x338.png 600w\" sizes=\"(max-width: 768px) 100vw, 768px\" \/> <img decoding=\"async\" class=\"aligncenter size-full wp-image-5493\" src=\"https:\/\/badyh.org\/tr\/wp-content\/uploads\/sites\/3\/2025\/09\/\u0662\u0660\u0662\u0665\u0660\u0669\u0660\u0665_\u0660\u0667\u0661\u0666\u0662\u0663-768x576-1.jpg\" alt=\"\u201cOnlar\u0131 Kurtar\u0131n\u201d Kampanyas\u0131: 41 Binden Fazla Ki\u015fiye Umut Oldu \" width=\"768\" height=\"576\" srcset=\"https:\/\/badyh.org\/tr\/wp-content\/uploads\/sites\/3\/2025\/09\/\u0662\u0660\u0662\u0665\u0660\u0669\u0660\u0665_\u0660\u0667\u0661\u0666\u0662\u0663-768x576-1.jpg 768w, https:\/\/badyh.org\/tr\/wp-content\/uploads\/sites\/3\/2025\/09\/\u0662\u0660\u0662\u0665\u0660\u0669\u0660\u0665_\u0660\u0667\u0661\u0666\u0662\u0663-768x576-1-300x225.jpg 300w, https:\/\/badyh.org\/tr\/wp-content\/uploads\/sites\/3\/2025\/09\/\u0662\u0660\u0662\u0665\u0660\u0669\u0660\u0665_\u0660\u0667\u0661\u0666\u0662\u0663-768x576-1-600x450.jpg 600w\" sizes=\"(max-width: 768px) 100vw, 768px\" \/> <img decoding=\"async\" class=\"aligncenter size-full wp-image-5494\" src=\"https:\/\/badyh.org\/tr\/wp-content\/uploads\/sites\/3\/2025\/09\/91A9954-768x512-1.jpg\" alt=\"\u201cOnlar\u0131 Kurtar\u0131n\u201d Kampanyas\u0131: 41 Binden Fazla Ki\u015fiye Umut Oldu \" width=\"768\" height=\"512\" srcset=\"https:\/\/badyh.org\/tr\/wp-content\/uploads\/sites\/3\/2025\/09\/91A9954-768x512-1.jpg 768w, https:\/\/badyh.org\/tr\/wp-content\/uploads\/sites\/3\/2025\/09\/91A9954-768x512-1-300x200.jpg 300w, https:\/\/badyh.org\/tr\/wp-content\/uploads\/sites\/3\/2025\/09\/91A9954-768x512-1-600x400.jpg 600w\" sizes=\"(max-width: 768px) 100vw, 768px\" \/> <img loading=\"lazy\" decoding=\"async\" class=\"aligncenter size-full wp-image-5495\" src=\"https:\/\/badyh.org\/tr\/wp-content\/uploads\/sites\/3\/2025\/09\/IMG_0985-768x512-1.jpg\" alt=\"\u201cOnlar\u0131 Kurtar\u0131n\u201d Kampanyas\u0131: 41 Binden Fazla Ki\u015fiye Umut Oldu \" width=\"768\" height=\"512\" srcset=\"https:\/\/badyh.org\/tr\/wp-content\/uploads\/sites\/3\/2025\/09\/IMG_0985-768x512-1.jpg 768w, https:\/\/badyh.org\/tr\/wp-content\/uploads\/sites\/3\/2025\/09\/IMG_0985-768x512-1-300x200.jpg 300w, https:\/\/badyh.org\/tr\/wp-content\/uploads\/sites\/3\/2025\/09\/IMG_0985-768x512-1-600x400.jpg 600w\" sizes=\"(max-width: 768px) 100vw, 768px\" \/> <img loading=\"lazy\" decoding=\"async\" class=\"aligncenter size-full wp-image-5496\" src=\"https:\/\/badyh.org\/tr\/wp-content\/uploads\/sites\/3\/2025\/09\/\u0662\u0660\u0662\u0665\u0660\u0669\u0660\u0663_\u0661\u0663\u0660\u0666\u0660\u0664-768x576-1.jpg\" alt=\"\u201cOnlar\u0131 Kurtar\u0131n\u201d Kampanyas\u0131: 41 Binden Fazla Ki\u015fiye Umut Oldu \" width=\"768\" height=\"576\" srcset=\"https:\/\/badyh.org\/tr\/wp-content\/uploads\/sites\/3\/2025\/09\/\u0662\u0660\u0662\u0665\u0660\u0669\u0660\u0663_\u0661\u0663\u0660\u0666\u0660\u0664-768x576-1.jpg 768w, https:\/\/badyh.org\/tr\/wp-content\/uploads\/sites\/3\/2025\/09\/\u0662\u0660\u0662\u0665\u0660\u0669\u0660\u0663_\u0661\u0663\u0660\u0666\u0660\u0664-768x576-1-300x225.jpg 300w, https:\/\/badyh.org\/tr\/wp-content\/uploads\/sites\/3\/2025\/09\/\u0662\u0660\u0662\u0665\u0660\u0669\u0660\u0663_\u0661\u0663\u0660\u0666\u0660\u0664-768x576-1-600x450.jpg 600w\" sizes=\"(max-width: 768px) 100vw, 768px\" \/> <img loading=\"lazy\" decoding=\"async\" class=\"aligncenter size-full wp-image-5497\" src=\"https:\/\/badyh.org\/tr\/wp-content\/uploads\/sites\/3\/2025\/09\/\u0662\u0660\u0662\u0665\u0660\u0664\u0661\u0664_\u0661\u0666\u0663\u0668\u0664\u0660-768x432-1.jpg\" alt=\"\u201cOnlar\u0131 Kurtar\u0131n\u201d Kampanyas\u0131: 41 Binden Fazla Ki\u015fiye Umut Oldu \" width=\"768\" height=\"432\" srcset=\"https:\/\/badyh.org\/tr\/wp-content\/uploads\/sites\/3\/2025\/09\/\u0662\u0660\u0662\u0665\u0660\u0664\u0661\u0664_\u0661\u0666\u0663\u0668\u0664\u0660-768x432-1.jpg 768w, https:\/\/badyh.org\/tr\/wp-content\/uploads\/sites\/3\/2025\/09\/\u0662\u0660\u0662\u0665\u0660\u0664\u0661\u0664_\u0661\u0666\u0663\u0668\u0664\u0660-768x432-1-300x169.jpg 300w, https:\/\/badyh.org\/tr\/wp-content\/uploads\/sites\/3\/2025\/09\/\u0662\u0660\u0662\u0665\u0660\u0664\u0661\u0664_\u0661\u0666\u0663\u0668\u0664\u0660-768x432-1-600x338.jpg 600w\" sizes=\"(max-width: 768px) 100vw, 768px\" \/><\/p>\n<p dir=\"ltr\">\n","protected":false},"excerpt":{"rendered":"<p>Yemen\u2019i etkileyen a\u011f\u0131r insani ko\u015fullar i\u00e7inde \u201cOnlar\u0131 Kurtar\u0131n\u201d kampanyas\u0131, bir umut \u0131\u015f\u0131\u011f\u0131 olarak \u00f6ne \u00e7\u0131km\u0131\u015f ve dayan\u0131\u015fma ile payla\u015f\u0131m\u0131n anlaml\u0131 \u00f6rneklerini ortaya koymu\u015ftur. Ge\u00e7ti\u011fimiz d\u00f6nemde kampanya, en savunmas\u0131z gruplardan 41.288 ki\u015fiye ula\u015farak onlar\u0131n temel ihtiya\u00e7lar\u0131n\u0131 kar\u015f\u0131layan kapsaml\u0131 bir acil yard\u0131m paketi hayata ge\u00e7irmi\u015ftir. Bu ba\u015far\u0131, iyili\u011fin h\u00e2l\u00e2 ger\u00e7ek bir fark yaratabilece\u011fini bir kez daha g\u00f6stermektedir. [&hellip;]<\/p>\n","protected":false},"author":2,"featured_media":5495,"comment_status":"open","ping_status":"open","sticky":false,"template":"","format":"standard","meta":{"rs_blank_template":"","rs_page_bg_color":"","slide_template_v7":"","_jetpack_memberships_contains_paid_content":false,"footnotes":""},"categories":[76],"tags":[],"class_list":["post-5491","post","type-post","status-publish","format-standard","has-post-thumbnail","hentry","category-haberler"],"yoast_head":"<!-- This site is optimized with the Yoast SEO plugin v27.4 - https:\/\/yoast.com\/product\/yoast-seo-wordpress\/ -->\n<title>\u201cOnlar\u0131 Kurtar\u0131n\u201d Kampanyas\u0131: 41 Binden Fazla Ki\u015fiye Umut Oldu - El-Badyh Kalk\u0131nma ve \u0130nsani Yard\u0131m Derne\u011fi<\/title>\n<meta name=\"description\" content=\"Yemen\u2019i etkileyen a\u011f\u0131r insani ko\u015fullar i\u00e7inde \u201cOnlar\u0131 Kurtar\u0131n\u201d kampanyas\u0131, bir umut \u0131\u015f\u0131\u011f\u0131 olarak \u00f6ne \u00e7\u0131km\u0131\u015f ve dayan\u0131\u015fma ile payla\u015f\u0131m\u0131n anlaml\u0131 \u00f6rneklerini\" \/>\n<meta name=\"robots\" content=\"index, follow, max-snippet:-1, max-image-preview:large, max-video-preview:-1\" \/>\n<link rel=\"canonical\" href=\"https:\/\/badyh.org\/tr\/2025\/07\/23\/onlari-kurtarin-kampanyasi-41-binden-fazla-kisiye-umut-oldu\/\" \/>\n<meta property=\"og:locale\" content=\"tr_TR\" \/>\n<meta property=\"og:type\" content=\"article\" \/>\n<meta property=\"og:title\" content=\"\u201cOnlar\u0131 Kurtar\u0131n\u201d Kampanyas\u0131: 41 Binden Fazla Ki\u015fiye Umut Oldu - El-Badyh Kalk\u0131nma ve \u0130nsani Yard\u0131m Derne\u011fi\" \/>\n<meta property=\"og:description\" content=\"Yemen\u2019i etkileyen a\u011f\u0131r insani ko\u015fullar i\u00e7inde \u201cOnlar\u0131 Kurtar\u0131n\u201d kampanyas\u0131, bir umut \u0131\u015f\u0131\u011f\u0131 olarak \u00f6ne \u00e7\u0131km\u0131\u015f ve dayan\u0131\u015fma ile payla\u015f\u0131m\u0131n anlaml\u0131 \u00f6rneklerini\" \/>\n<meta property=\"og:url\" content=\"https:\/\/badyh.org\/tr\/2025\/07\/23\/onlari-kurtarin-kampanyasi-41-binden-fazla-kisiye-umut-oldu\/\" \/>\n<meta property=\"og:site_name\" content=\"El-Badyh Kalk\u0131nma ve \u0130nsani Yard\u0131m Derne\u011fi\" \/>\n<meta property=\"article:published_time\" content=\"2025-07-23T09:41:52+00:00\" \/>\n<meta property=\"article:modified_time\" content=\"2025-09-23T09:42:11+00:00\" \/>\n<meta property=\"og:image\" content=\"https:\/\/badyh.org\/tr\/wp-content\/uploads\/sites\/3\/2025\/09\/IMG_0985-768x512-1.jpg\" \/>\n\t<meta property=\"og:image:width\" content=\"768\" \/>\n\t<meta property=\"og:image:height\" content=\"512\" \/>\n\t<meta property=\"og:image:type\" content=\"image\/jpeg\" \/>\n<meta name=\"author\" content=\"\u0641\u0627\u0626\u0632 \u0627\u0644\u0645\u062d\u0648\u0631\u0642\" \/>\n<meta name=\"twitter:card\" content=\"summary_large_image\" \/>\n<meta name=\"twitter:label1\" content=\"Yazan:\" \/>\n\t<meta name=\"twitter:data1\" content=\"\u0641\u0627\u0626\u0632 \u0627\u0644\u0645\u062d\u0648\u0631\u0642\" \/>\n\t<meta name=\"twitter:label2\" content=\"Tahmini okuma s\u00fcresi\" \/>\n\t<meta name=\"twitter:data2\" content=\"4 dakika\" \/>\n<script type=\"application\/ld+json\" class=\"yoast-schema-graph\">{\"@context\":\"https:\\\/\\\/schema.org\",\"@graph\":[{\"@type\":\"Article\",\"@id\":\"https:\\\/\\\/badyh.org\\\/tr\\\/2025\\\/07\\\/23\\\/onlari-kurtarin-kampanyasi-41-binden-fazla-kisiye-umut-oldu\\\/#article\",\"isPartOf\":{\"@id\":\"https:\\\/\\\/badyh.org\\\/tr\\\/2025\\\/07\\\/23\\\/onlari-kurtarin-kampanyasi-41-binden-fazla-kisiye-umut-oldu\\\/\"},\"author\":{\"name\":\"\u0641\u0627\u0626\u0632 \u0627\u0644\u0645\u062d\u0648\u0631\u0642\",\"@id\":\"https:\\\/\\\/badyh.org\\\/tr\\\/#\\\/schema\\\/person\\\/08e49111cb12823bc6e18850ee9bfee9\"},\"headline\":\"\u201cOnlar\u0131 Kurtar\u0131n\u201d Kampanyas\u0131: 41 Binden Fazla Ki\u015fiye Umut Oldu\",\"datePublished\":\"2025-07-23T09:41:52+00:00\",\"dateModified\":\"2025-09-23T09:42:11+00:00\",\"mainEntityOfPage\":{\"@id\":\"https:\\\/\\\/badyh.org\\\/tr\\\/2025\\\/07\\\/23\\\/onlari-kurtarin-kampanyasi-41-binden-fazla-kisiye-umut-oldu\\\/\"},\"wordCount\":642,\"commentCount\":0,\"image\":{\"@id\":\"https:\\\/\\\/badyh.org\\\/tr\\\/2025\\\/07\\\/23\\\/onlari-kurtarin-kampanyasi-41-binden-fazla-kisiye-umut-oldu\\\/#primaryimage\"},\"thumbnailUrl\":\"https:\\\/\\\/badyh.org\\\/tr\\\/wp-content\\\/uploads\\\/sites\\\/3\\\/2025\\\/09\\\/IMG_0985-768x512-1.jpg\",\"articleSection\":[\"Haberler\"],\"inLanguage\":\"tr\",\"potentialAction\":[{\"@type\":\"CommentAction\",\"name\":\"Comment\",\"target\":[\"https:\\\/\\\/badyh.org\\\/tr\\\/2025\\\/07\\\/23\\\/onlari-kurtarin-kampanyasi-41-binden-fazla-kisiye-umut-oldu\\\/#respond\"]}]},{\"@type\":\"WebPage\",\"@id\":\"https:\\\/\\\/badyh.org\\\/tr\\\/2025\\\/07\\\/23\\\/onlari-kurtarin-kampanyasi-41-binden-fazla-kisiye-umut-oldu\\\/\",\"url\":\"https:\\\/\\\/badyh.org\\\/tr\\\/2025\\\/07\\\/23\\\/onlari-kurtarin-kampanyasi-41-binden-fazla-kisiye-umut-oldu\\\/\",\"name\":\"\u201cOnlar\u0131 Kurtar\u0131n\u201d Kampanyas\u0131: 41 Binden Fazla Ki\u015fiye Umut Oldu - El-Badyh Kalk\u0131nma ve \u0130nsani Yard\u0131m Derne\u011fi\",\"isPartOf\":{\"@id\":\"https:\\\/\\\/badyh.org\\\/tr\\\/#website\"},\"primaryImageOfPage\":{\"@id\":\"https:\\\/\\\/badyh.org\\\/tr\\\/2025\\\/07\\\/23\\\/onlari-kurtarin-kampanyasi-41-binden-fazla-kisiye-umut-oldu\\\/#primaryimage\"},\"image\":{\"@id\":\"https:\\\/\\\/badyh.org\\\/tr\\\/2025\\\/07\\\/23\\\/onlari-kurtarin-kampanyasi-41-binden-fazla-kisiye-umut-oldu\\\/#primaryimage\"},\"thumbnailUrl\":\"https:\\\/\\\/badyh.org\\\/tr\\\/wp-content\\\/uploads\\\/sites\\\/3\\\/2025\\\/09\\\/IMG_0985-768x512-1.jpg\",\"datePublished\":\"2025-07-23T09:41:52+00:00\",\"dateModified\":\"2025-09-23T09:42:11+00:00\",\"author\":{\"@id\":\"https:\\\/\\\/badyh.org\\\/tr\\\/#\\\/schema\\\/person\\\/08e49111cb12823bc6e18850ee9bfee9\"},\"description\":\"Yemen\u2019i etkileyen a\u011f\u0131r insani ko\u015fullar i\u00e7inde \u201cOnlar\u0131 Kurtar\u0131n\u201d kampanyas\u0131, bir umut \u0131\u015f\u0131\u011f\u0131 olarak \u00f6ne \u00e7\u0131km\u0131\u015f ve dayan\u0131\u015fma ile payla\u015f\u0131m\u0131n anlaml\u0131 \u00f6rneklerini\",\"breadcrumb\":{\"@id\":\"https:\\\/\\\/badyh.org\\\/tr\\\/2025\\\/07\\\/23\\\/onlari-kurtarin-kampanyasi-41-binden-fazla-kisiye-umut-oldu\\\/#breadcrumb\"},\"inLanguage\":\"tr\",\"potentialAction\":[{\"@type\":\"ReadAction\",\"target\":[\"https:\\\/\\\/badyh.org\\\/tr\\\/2025\\\/07\\\/23\\\/onlari-kurtarin-kampanyasi-41-binden-fazla-kisiye-umut-oldu\\\/\"]}]},{\"@type\":\"ImageObject\",\"inLanguage\":\"tr\",\"@id\":\"https:\\\/\\\/badyh.org\\\/tr\\\/2025\\\/07\\\/23\\\/onlari-kurtarin-kampanyasi-41-binden-fazla-kisiye-umut-oldu\\\/#primaryimage\",\"url\":\"https:\\\/\\\/badyh.org\\\/tr\\\/wp-content\\\/uploads\\\/sites\\\/3\\\/2025\\\/09\\\/IMG_0985-768x512-1.jpg\",\"contentUrl\":\"https:\\\/\\\/badyh.org\\\/tr\\\/wp-content\\\/uploads\\\/sites\\\/3\\\/2025\\\/09\\\/IMG_0985-768x512-1.jpg\",\"width\":768,\"height\":512,\"caption\":\"\u201cOnlar\u0131 Kurtar\u0131n\u201d Kampanyas\u0131: 41 Binden Fazla Ki\u015fiye Umut Oldu\"},{\"@type\":\"BreadcrumbList\",\"@id\":\"https:\\\/\\\/badyh.org\\\/tr\\\/2025\\\/07\\\/23\\\/onlari-kurtarin-kampanyasi-41-binden-fazla-kisiye-umut-oldu\\\/#breadcrumb\",\"itemListElement\":[{\"@type\":\"ListItem\",\"position\":1,\"name\":\"\u0627\u0644\u0631\u0626\u064a\u0633\u064a\u0629\",\"item\":\"https:\\\/\\\/badyh.org\\\/tr\\\/\"},{\"@type\":\"ListItem\",\"position\":2,\"name\":\"\u201cOnlar\u0131 Kurtar\u0131n\u201d Kampanyas\u0131: 41 Binden Fazla Ki\u015fiye Umut Oldu\"}]},{\"@type\":\"WebSite\",\"@id\":\"https:\\\/\\\/badyh.org\\\/tr\\\/#website\",\"url\":\"https:\\\/\\\/badyh.org\\\/tr\\\/\",\"name\":\"El-Badyh Kalk\u0131nma ve \u0130nsani Yard\u0131m Derne\u011fi\",\"description\":\"\u0645\u0648\u0642\u0639 \u0622\u062e\u0631 \u0641\u064a \u0645\u0624\u0633\u0633\u0629 \u0627\u0644\u0628\u0627\u062f\u064a\u0629 \u0644\u0644\u062a\u0646\u0645\u064a\u0629 \u0648\u0627\u0644\u0627\u0639\u0645\u0627\u0644 \u0627\u0644\u0625\u0646\u0633\u0627\u0646\u064a\u0629\",\"potentialAction\":[{\"@type\":\"SearchAction\",\"target\":{\"@type\":\"EntryPoint\",\"urlTemplate\":\"https:\\\/\\\/badyh.org\\\/tr\\\/?s={search_term_string}\"},\"query-input\":{\"@type\":\"PropertyValueSpecification\",\"valueRequired\":true,\"valueName\":\"search_term_string\"}}],\"inLanguage\":\"tr\"},{\"@type\":\"Person\",\"@id\":\"https:\\\/\\\/badyh.org\\\/tr\\\/#\\\/schema\\\/person\\\/08e49111cb12823bc6e18850ee9bfee9\",\"name\":\"\u0641\u0627\u0626\u0632 \u0627\u0644\u0645\u062d\u0648\u0631\u0642\",\"image\":{\"@type\":\"ImageObject\",\"inLanguage\":\"tr\",\"@id\":\"https:\\\/\\\/secure.gravatar.com\\\/avatar\\\/f6d6bae32f39bffdfefbb3a8465e18bb771365fdc03ee5118bdb5cc4a2c79398?s=96&d=mm&r=g\",\"url\":\"https:\\\/\\\/secure.gravatar.com\\\/avatar\\\/f6d6bae32f39bffdfefbb3a8465e18bb771365fdc03ee5118bdb5cc4a2c79398?s=96&d=mm&r=g\",\"contentUrl\":\"https:\\\/\\\/secure.gravatar.com\\\/avatar\\\/f6d6bae32f39bffdfefbb3a8465e18bb771365fdc03ee5118bdb5cc4a2c79398?s=96&d=mm&r=g\",\"caption\":\"\u0641\u0627\u0626\u0632 \u0627\u0644\u0645\u062d\u0648\u0631\u0642\"},\"url\":\"https:\\\/\\\/badyh.org\\\/tr\\\/author\\\/faeezmm1988\\\/\"}]}<\/script>\n<!-- \/ Yoast SEO plugin. -->","yoast_head_json":{"title":"\u201cOnlar\u0131 Kurtar\u0131n\u201d Kampanyas\u0131: 41 Binden Fazla Ki\u015fiye Umut Oldu - El-Badyh Kalk\u0131nma ve \u0130nsani Yard\u0131m Derne\u011fi","description":"Yemen\u2019i etkileyen a\u011f\u0131r insani ko\u015fullar i\u00e7inde \u201cOnlar\u0131 Kurtar\u0131n\u201d kampanyas\u0131, bir umut \u0131\u015f\u0131\u011f\u0131 olarak \u00f6ne \u00e7\u0131km\u0131\u015f ve dayan\u0131\u015fma ile payla\u015f\u0131m\u0131n anlaml\u0131 \u00f6rneklerini","robots":{"index":"index","follow":"follow","max-snippet":"max-snippet:-1","max-image-preview":"max-image-preview:large","max-video-preview":"max-video-preview:-1"},"canonical":"https:\/\/badyh.org\/tr\/2025\/07\/23\/onlari-kurtarin-kampanyasi-41-binden-fazla-kisiye-umut-oldu\/","og_locale":"tr_TR","og_type":"article","og_title":"\u201cOnlar\u0131 Kurtar\u0131n\u201d Kampanyas\u0131: 41 Binden Fazla Ki\u015fiye Umut Oldu - El-Badyh Kalk\u0131nma ve \u0130nsani Yard\u0131m Derne\u011fi","og_description":"Yemen\u2019i etkileyen a\u011f\u0131r insani ko\u015fullar i\u00e7inde \u201cOnlar\u0131 Kurtar\u0131n\u201d kampanyas\u0131, bir umut \u0131\u015f\u0131\u011f\u0131 olarak \u00f6ne \u00e7\u0131km\u0131\u015f ve dayan\u0131\u015fma ile payla\u015f\u0131m\u0131n anlaml\u0131 \u00f6rneklerini","og_url":"https:\/\/badyh.org\/tr\/2025\/07\/23\/onlari-kurtarin-kampanyasi-41-binden-fazla-kisiye-umut-oldu\/","og_site_name":"El-Badyh Kalk\u0131nma ve \u0130nsani Yard\u0131m Derne\u011fi","article_published_time":"2025-07-23T09:41:52+00:00","article_modified_time":"2025-09-23T09:42:11+00:00","og_image":[{"width":768,"height":512,"url":"https:\/\/badyh.org\/tr\/wp-content\/uploads\/sites\/3\/2025\/09\/IMG_0985-768x512-1.jpg","type":"image\/jpeg"}],"author":"\u0641\u0627\u0626\u0632 \u0627\u0644\u0645\u062d\u0648\u0631\u0642","twitter_card":"summary_large_image","twitter_misc":{"Yazan:":"\u0641\u0627\u0626\u0632 \u0627\u0644\u0645\u062d\u0648\u0631\u0642","Tahmini okuma s\u00fcresi":"4 dakika"},"schema":{"@context":"https:\/\/schema.org","@graph":[{"@type":"Article","@id":"https:\/\/badyh.org\/tr\/2025\/07\/23\/onlari-kurtarin-kampanyasi-41-binden-fazla-kisiye-umut-oldu\/#article","isPartOf":{"@id":"https:\/\/badyh.org\/tr\/2025\/07\/23\/onlari-kurtarin-kampanyasi-41-binden-fazla-kisiye-umut-oldu\/"},"author":{"name":"\u0641\u0627\u0626\u0632 \u0627\u0644\u0645\u062d\u0648\u0631\u0642","@id":"https:\/\/badyh.org\/tr\/#\/schema\/person\/08e49111cb12823bc6e18850ee9bfee9"},"headline":"\u201cOnlar\u0131 Kurtar\u0131n\u201d Kampanyas\u0131: 41 Binden Fazla Ki\u015fiye Umut Oldu","datePublished":"2025-07-23T09:41:52+00:00","dateModified":"2025-09-23T09:42:11+00:00","mainEntityOfPage":{"@id":"https:\/\/badyh.org\/tr\/2025\/07\/23\/onlari-kurtarin-kampanyasi-41-binden-fazla-kisiye-umut-oldu\/"},"wordCount":642,"commentCount":0,"image":{"@id":"https:\/\/badyh.org\/tr\/2025\/07\/23\/onlari-kurtarin-kampanyasi-41-binden-fazla-kisiye-umut-oldu\/#primaryimage"},"thumbnailUrl":"https:\/\/badyh.org\/tr\/wp-content\/uploads\/sites\/3\/2025\/09\/IMG_0985-768x512-1.jpg","articleSection":["Haberler"],"inLanguage":"tr","potentialAction":[{"@type":"CommentAction","name":"Comment","target":["https:\/\/badyh.org\/tr\/2025\/07\/23\/onlari-kurtarin-kampanyasi-41-binden-fazla-kisiye-umut-oldu\/#respond"]}]},{"@type":"WebPage","@id":"https:\/\/badyh.org\/tr\/2025\/07\/23\/onlari-kurtarin-kampanyasi-41-binden-fazla-kisiye-umut-oldu\/","url":"https:\/\/badyh.org\/tr\/2025\/07\/23\/onlari-kurtarin-kampanyasi-41-binden-fazla-kisiye-umut-oldu\/","name":"\u201cOnlar\u0131 Kurtar\u0131n\u201d Kampanyas\u0131: 41 Binden Fazla Ki\u015fiye Umut Oldu - El-Badyh Kalk\u0131nma ve \u0130nsani Yard\u0131m Derne\u011fi","isPartOf":{"@id":"https:\/\/badyh.org\/tr\/#website"},"primaryImageOfPage":{"@id":"https:\/\/badyh.org\/tr\/2025\/07\/23\/onlari-kurtarin-kampanyasi-41-binden-fazla-kisiye-umut-oldu\/#primaryimage"},"image":{"@id":"https:\/\/badyh.org\/tr\/2025\/07\/23\/onlari-kurtarin-kampanyasi-41-binden-fazla-kisiye-umut-oldu\/#primaryimage"},"thumbnailUrl":"https:\/\/badyh.org\/tr\/wp-content\/uploads\/sites\/3\/2025\/09\/IMG_0985-768x512-1.jpg","datePublished":"2025-07-23T09:41:52+00:00","dateModified":"2025-09-23T09:42:11+00:00","author":{"@id":"https:\/\/badyh.org\/tr\/#\/schema\/person\/08e49111cb12823bc6e18850ee9bfee9"},"description":"Yemen\u2019i etkileyen a\u011f\u0131r insani ko\u015fullar i\u00e7inde \u201cOnlar\u0131 Kurtar\u0131n\u201d kampanyas\u0131, bir umut \u0131\u015f\u0131\u011f\u0131 olarak \u00f6ne \u00e7\u0131km\u0131\u015f ve dayan\u0131\u015fma ile payla\u015f\u0131m\u0131n anlaml\u0131 \u00f6rneklerini","breadcrumb":{"@id":"https:\/\/badyh.org\/tr\/2025\/07\/23\/onlari-kurtarin-kampanyasi-41-binden-fazla-kisiye-umut-oldu\/#breadcrumb"},"inLanguage":"tr","potentialAction":[{"@type":"ReadAction","target":["https:\/\/badyh.org\/tr\/2025\/07\/23\/onlari-kurtarin-kampanyasi-41-binden-fazla-kisiye-umut-oldu\/"]}]},{"@type":"ImageObject","inLanguage":"tr","@id":"https:\/\/badyh.org\/tr\/2025\/07\/23\/onlari-kurtarin-kampanyasi-41-binden-fazla-kisiye-umut-oldu\/#primaryimage","url":"https:\/\/badyh.org\/tr\/wp-content\/uploads\/sites\/3\/2025\/09\/IMG_0985-768x512-1.jpg","contentUrl":"https:\/\/badyh.org\/tr\/wp-content\/uploads\/sites\/3\/2025\/09\/IMG_0985-768x512-1.jpg","width":768,"height":512,"caption":"\u201cOnlar\u0131 Kurtar\u0131n\u201d Kampanyas\u0131: 41 Binden Fazla Ki\u015fiye Umut Oldu"},{"@type":"BreadcrumbList","@id":"https:\/\/badyh.org\/tr\/2025\/07\/23\/onlari-kurtarin-kampanyasi-41-binden-fazla-kisiye-umut-oldu\/#breadcrumb","itemListElement":[{"@type":"ListItem","position":1,"name":"\u0627\u0644\u0631\u0626\u064a\u0633\u064a\u0629","item":"https:\/\/badyh.org\/tr\/"},{"@type":"ListItem","position":2,"name":"\u201cOnlar\u0131 Kurtar\u0131n\u201d Kampanyas\u0131: 41 Binden Fazla Ki\u015fiye Umut Oldu"}]},{"@type":"WebSite","@id":"https:\/\/badyh.org\/tr\/#website","url":"https:\/\/badyh.org\/tr\/","name":"El-Badyh Kalk\u0131nma ve \u0130nsani Yard\u0131m Derne\u011fi","description":"\u0645\u0648\u0642\u0639 \u0622\u062e\u0631 \u0641\u064a \u0645\u0624\u0633\u0633\u0629 \u0627\u0644\u0628\u0627\u062f\u064a\u0629 \u0644\u0644\u062a\u0646\u0645\u064a\u0629 \u0648\u0627\u0644\u0627\u0639\u0645\u0627\u0644 \u0627\u0644\u0625\u0646\u0633\u0627\u0646\u064a\u0629","potentialAction":[{"@type":"SearchAction","target":{"@type":"EntryPoint","urlTemplate":"https:\/\/badyh.org\/tr\/?s={search_term_string}"},"query-input":{"@type":"PropertyValueSpecification","valueRequired":true,"valueName":"search_term_string"}}],"inLanguage":"tr"},{"@type":"Person","@id":"https:\/\/badyh.org\/tr\/#\/schema\/person\/08e49111cb12823bc6e18850ee9bfee9","name":"\u0641\u0627\u0626\u0632 \u0627\u0644\u0645\u062d\u0648\u0631\u0642","image":{"@type":"ImageObject","inLanguage":"tr","@id":"https:\/\/secure.gravatar.com\/avatar\/f6d6bae32f39bffdfefbb3a8465e18bb771365fdc03ee5118bdb5cc4a2c79398?s=96&d=mm&r=g","url":"https:\/\/secure.gravatar.com\/avatar\/f6d6bae32f39bffdfefbb3a8465e18bb771365fdc03ee5118bdb5cc4a2c79398?s=96&d=mm&r=g","contentUrl":"https:\/\/secure.gravatar.com\/avatar\/f6d6bae32f39bffdfefbb3a8465e18bb771365fdc03ee5118bdb5cc4a2c79398?s=96&d=mm&r=g","caption":"\u0641\u0627\u0626\u0632 \u0627\u0644\u0645\u062d\u0648\u0631\u0642"},"url":"https:\/\/badyh.org\/tr\/author\/faeezmm1988\/"}]}},"jetpack_featured_media_url":"https:\/\/badyh.org\/tr\/wp-content\/uploads\/sites\/3\/2025\/09\/IMG_0985-768x512-1.jpg","jetpack_sharing_enabled":true,"_links":{"self":[{"href":"https:\/\/badyh.org\/tr\/wp-json\/wp\/v2\/posts\/5491","targetHints":{"allow":["GET"]}}],"collection":[{"href":"https:\/\/badyh.org\/tr\/wp-json\/wp\/v2\/posts"}],"about":[{"href":"https:\/\/badyh.org\/tr\/wp-json\/wp\/v2\/types\/post"}],"author":[{"embeddable":true,"href":"https:\/\/badyh.org\/tr\/wp-json\/wp\/v2\/users\/2"}],"replies":[{"embeddable":true,"href":"https:\/\/badyh.org\/tr\/wp-json\/wp\/v2\/comments?post=5491"}],"version-history":[{"count":2,"href":"https:\/\/badyh.org\/tr\/wp-json\/wp\/v2\/posts\/5491\/revisions"}],"predecessor-version":[{"id":5499,"href":"https:\/\/badyh.org\/tr\/wp-json\/wp\/v2\/posts\/5491\/revisions\/5499"}],"wp:featuredmedia":[{"embeddable":true,"href":"https:\/\/badyh.org\/tr\/wp-json\/wp\/v2\/media\/5495"}],"wp:attachment":[{"href":"https:\/\/badyh.org\/tr\/wp-json\/wp\/v2\/media?parent=5491"}],"wp:term":[{"taxonomy":"category","embeddable":true,"href":"https:\/\/badyh.org\/tr\/wp-json\/wp\/v2\/categories?post=5491"},{"taxonomy":"post_tag","embeddable":true,"href":"https:\/\/badyh.org\/tr\/wp-json\/wp\/v2\/tags?post=5491"}],"curies":[{"name":"wp","href":"https:\/\/api.w.org\/{rel}","templated":true}]}}