{"id":5422,"date":"2025-05-29T19:57:07","date_gmt":"2025-05-29T16:57:07","guid":{"rendered":"https:\/\/badyh.org\/tr\/?p=5422"},"modified":"2025-05-29T19:57:07","modified_gmt":"2025-05-29T16:57:07","slug":"ihh-insani-yardim-vakfina-bassagligi-ve-dayanisma-mesaji","status":"publish","type":"post","link":"https:\/\/badyh.org\/tr\/2025\/05\/29\/ihh-insani-yardim-vakfina-bassagligi-ve-dayanisma-mesaji\/","title":{"rendered":"\u0130HH \u0130nsani Yard\u0131m Vakf\u0131\u2019na Ba\u015fsa\u011fl\u0131\u011f\u0131 ve Dayan\u0131\u015fma Mesaj\u0131"},"content":{"rendered":"<p><strong>Yemen\u2019deki El-Badia Kalk\u0131nma ve \u0130nsani Yard\u0131m Vakf\u0131<\/strong> olarak, <strong data-start=\"245\" data-end=\"272\">\u0130HH \u0130nsani Yard\u0131m Vakf\u0131<\/strong> b\u00fcnyesinde g\u00f6rev yapan ve <strong data-start=\"299\" data-end=\"319\">Gazze. \u015eeridi\u2019nde<\/strong> insani bir g\u00f6revi ifa ederken hayatlar\u0131n\u0131 kaybeden be\u015f de\u011ferli meslekta\u015f\u0131m\u0131z\u0131n \u015fehadet haberini derin bir \u00fcz\u00fcnt\u00fc ve b\u00fcy\u00fck bir teess\u00fcrle \u00f6\u011frenmi\u015f bulunuyoruz. Bu elim sald\u0131r\u0131, \u0130HH\u2019n\u0131n <strong data-start=\"503\" data-end=\"532\">D\u00fcnya G\u0131da Program\u0131 (WFP)<\/strong> ile birlikte y\u00fcr\u00fctt\u00fc\u011f\u00fc insani yard\u0131m faaliyeti esnas\u0131nda, \u0130srail i\u015fgal g\u00fc\u00e7lerinin son iki g\u00fcn i\u00e7inde ger\u00e7ekle\u015ftirdi\u011fi bombard\u0131man sonucu meydana gelmi\u015f ve iki yard\u0131m \u00e7al\u0131\u015fan\u0131 da a\u011f\u0131r yaralanm\u0131\u015ft\u0131r.<\/p>\n<p data-start=\"732\" data-end=\"1093\">Bu vah\u015fi sald\u0131r\u0131y\u0131 en sert \u015fekilde k\u0131n\u0131yor; <strong data-start=\"776\" data-end=\"793\">\u0130HH ailesiyle<\/strong>, \u015fehitlerimizin ve yaral\u0131 karde\u015flerimizin aileleriyle y\u00fcrekten dayan\u0131\u015fmam\u0131z\u0131 ifade ediyoruz. \u015eunu a\u00e7\u0131k\u00e7a vurguluyoruz ki: <strong data-start=\"916\" data-end=\"1021\">\u0130nsani yard\u0131m \u00e7al\u0131\u015fanlar\u0131n\u0131 ve sivilleri hedef almak, insanl\u0131k onuruna kar\u015f\u0131 i\u015flenmi\u015f a\u00e7\u0131k bir su\u00e7tur<\/strong> ve t\u00fcm uluslararas\u0131 hukuk kurallar\u0131n\u0131n ve vicdani de\u011ferlerin ihlalidir.<\/p>\n<p data-start=\"1095\" data-end=\"1206\">Y\u00fcce Allah\u2019tan \u015fehitlerimize rahmet, kederli ailelerine sab\u0131r ve metanet, yaral\u0131lara da acil \u015fifalar diliyoruz.<\/p>\n<p data-start=\"1208\" data-end=\"1326\"><strong data-start=\"1208\" data-end=\"1225\">\u015eehitlerimiz:<\/strong><br data-start=\"1225\" data-end=\"1228\" \/>\u2022 Muhammed el-Mubayyid<br data-start=\"1250\" data-end=\"1253\" \/>\u2022 Ahmed Bostan<br data-start=\"1267\" data-end=\"1270\" \/>\u2022 Mu\u2019taz Receb<br data-start=\"1284\" data-end=\"1287\" \/>\u2022 \u0130shak et-Tayf<br data-start=\"1302\" data-end=\"1305\" \/>\u2022 Cemal el-Mubayyid<\/p>\n<p data-start=\"1328\" data-end=\"1403\">Hepsine Allah\u2019tan rahmet diliyoruz. Mekanlar\u0131 cennet, dereceleri ali olsun.<\/p>\n<p data-start=\"1405\" data-end=\"1483\">#NotATarget<br data-start=\"1416\" data-end=\"1419\" \/>#HedefDe\u011filler<br data-start=\"1433\" data-end=\"1436\" \/>@IHHen<br data-start=\"1442\" data-end=\"1445\" \/>@WFP_Arabic<br data-start=\"1456\" data-end=\"1459\" \/>@UN<br data-start=\"1462\" data-end=\"1465\" \/>@UNOCHA_a<br data-start=\"1474\" data-end=\"1477\" \/>@UNRWA<\/p>\n<p data-start=\"1405\" data-end=\"1483\"><img fetchpriority=\"high\" decoding=\"async\" class=\"aligncenter size-large wp-image-5423\" src=\"https:\/\/badyh.org\/tr\/wp-content\/uploads\/sites\/3\/2025\/05\/\u062a\u0639\u0632\u064a\u0629-iHH-HDTV-1080-819x1024.jpg\" alt=\"\u0130HH \u0130nsani Yard\u0131m Vakf\u0131\u2019na Ba\u015fsa\u011fl\u0131\u011f\u0131 ve Dayan\u0131\u015fma Mesaj\u0131\" width=\"640\" height=\"800\" srcset=\"https:\/\/badyh.org\/tr\/wp-content\/uploads\/sites\/3\/2025\/05\/\u062a\u0639\u0632\u064a\u0629-iHH-HDTV-1080-819x1024.jpg 819w, https:\/\/badyh.org\/tr\/wp-content\/uploads\/sites\/3\/2025\/05\/\u062a\u0639\u0632\u064a\u0629-iHH-HDTV-1080-240x300.jpg 240w, https:\/\/badyh.org\/tr\/wp-content\/uploads\/sites\/3\/2025\/05\/\u062a\u0639\u0632\u064a\u0629-iHH-HDTV-1080-768x960.jpg 768w, https:\/\/badyh.org\/tr\/wp-content\/uploads\/sites\/3\/2025\/05\/\u062a\u0639\u0632\u064a\u0629-iHH-HDTV-1080-600x750.jpg 600w, https:\/\/badyh.org\/tr\/wp-content\/uploads\/sites\/3\/2025\/05\/\u062a\u0639\u0632\u064a\u0629-iHH-HDTV-1080.jpg 1080w\" sizes=\"(max-width: 640px) 100vw, 640px\" \/><\/p>\n","protected":false},"excerpt":{"rendered":"<p>Yemen\u2019deki El-Badia Kalk\u0131nma ve \u0130nsani Yard\u0131m Vakf\u0131 olarak, \u0130HH \u0130nsani Yard\u0131m Vakf\u0131 b\u00fcnyesinde g\u00f6rev yapan ve Gazze. \u015eeridi\u2019nde insani bir g\u00f6revi ifa ederken hayatlar\u0131n\u0131 kaybeden be\u015f de\u011ferli meslekta\u015f\u0131m\u0131z\u0131n \u015fehadet haberini derin bir \u00fcz\u00fcnt\u00fc ve b\u00fcy\u00fck bir teess\u00fcrle \u00f6\u011frenmi\u015f bulunuyoruz. Bu elim sald\u0131r\u0131, \u0130HH\u2019n\u0131n D\u00fcnya G\u0131da Program\u0131 (WFP) ile birlikte y\u00fcr\u00fctt\u00fc\u011f\u00fc insani yard\u0131m faaliyeti esnas\u0131nda, \u0130srail [&hellip;]<\/p>\n","protected":false},"author":2,"featured_media":5423,"comment_status":"open","ping_status":"open","sticky":false,"template":"","format":"standard","meta":{"rs_blank_template":"","rs_page_bg_color":"","slide_template_v7":"","_jetpack_memberships_contains_paid_content":false,"footnotes":""},"categories":[76],"tags":[159,95,121,160],"class_list":["post-5422","post","type-post","status-publish","format-standard","has-post-thumbnail","hentry","category-haberler","tag-el-badia","tag-ihh","tag-ihh-insani-yardim","tag-yemen"],"yoast_head":"<!-- This site is optimized with the Yoast SEO plugin v27.4 - https:\/\/yoast.com\/product\/yoast-seo-wordpress\/ -->\n<title>\u0130HH \u0130nsani Yard\u0131m Vakf\u0131\u2019na Ba\u015fsa\u011fl\u0131\u011f\u0131 ve Dayan\u0131\u015fma Mesaj\u0131 - El-Badyh Kalk\u0131nma ve \u0130nsani Yard\u0131m Derne\u011fi<\/title>\n<meta name=\"description\" content=\"Yemen\u2019deki El-Badia Kalk\u0131nma ve \u0130nsani Yard\u0131m Vakf\u0131 olarak, \u0130HH \u0130nsani Yard\u0131m Vakf\u0131 b\u00fcnyesinde g\u00f6rev yapan ve Gazze. \u015eeridi\u2019nde insani bir\" \/>\n<meta name=\"robots\" content=\"index, follow, max-snippet:-1, max-image-preview:large, max-video-preview:-1\" \/>\n<link rel=\"canonical\" href=\"https:\/\/badyh.org\/tr\/2025\/05\/29\/ihh-insani-yardim-vakfina-bassagligi-ve-dayanisma-mesaji\/\" \/>\n<meta property=\"og:locale\" content=\"tr_TR\" \/>\n<meta property=\"og:type\" content=\"article\" \/>\n<meta property=\"og:title\" content=\"\u0130HH \u0130nsani Yard\u0131m Vakf\u0131\u2019na Ba\u015fsa\u011fl\u0131\u011f\u0131 ve Dayan\u0131\u015fma Mesaj\u0131 - El-Badyh Kalk\u0131nma ve \u0130nsani Yard\u0131m Derne\u011fi\" \/>\n<meta property=\"og:description\" content=\"Yemen\u2019deki El-Badia Kalk\u0131nma ve \u0130nsani Yard\u0131m Vakf\u0131 olarak, \u0130HH \u0130nsani Yard\u0131m Vakf\u0131 b\u00fcnyesinde g\u00f6rev yapan ve Gazze. \u015eeridi\u2019nde insani bir\" \/>\n<meta property=\"og:url\" content=\"https:\/\/badyh.org\/tr\/2025\/05\/29\/ihh-insani-yardim-vakfina-bassagligi-ve-dayanisma-mesaji\/\" \/>\n<meta property=\"og:site_name\" content=\"El-Badyh Kalk\u0131nma ve \u0130nsani Yard\u0131m Derne\u011fi\" \/>\n<meta property=\"article:published_time\" content=\"2025-05-29T16:57:07+00:00\" \/>\n<meta property=\"og:image\" content=\"https:\/\/badyh.org\/tr\/wp-content\/uploads\/sites\/3\/2025\/05\/\u062a\u0639\u0632\u064a\u0629-iHH-HDTV-1080.jpg\" \/>\n\t<meta property=\"og:image:width\" content=\"1080\" \/>\n\t<meta property=\"og:image:height\" content=\"1350\" \/>\n\t<meta property=\"og:image:type\" content=\"image\/jpeg\" \/>\n<meta name=\"author\" content=\"\u0641\u0627\u0626\u0632 \u0627\u0644\u0645\u062d\u0648\u0631\u0642\" \/>\n<meta name=\"twitter:card\" content=\"summary_large_image\" \/>\n<meta name=\"twitter:label1\" content=\"Yazan:\" \/>\n\t<meta name=\"twitter:data1\" content=\"\u0641\u0627\u0626\u0632 \u0627\u0644\u0645\u062d\u0648\u0631\u0642\" \/>\n\t<meta name=\"twitter:label2\" content=\"Tahmini okuma s\u00fcresi\" \/>\n\t<meta name=\"twitter:data2\" content=\"2 dakika\" \/>\n<script type=\"application\/ld+json\" class=\"yoast-schema-graph\">{\"@context\":\"https:\\\/\\\/schema.org\",\"@graph\":[{\"@type\":\"Article\",\"@id\":\"https:\\\/\\\/badyh.org\\\/tr\\\/2025\\\/05\\\/29\\\/ihh-insani-yardim-vakfina-bassagligi-ve-dayanisma-mesaji\\\/#article\",\"isPartOf\":{\"@id\":\"https:\\\/\\\/badyh.org\\\/tr\\\/2025\\\/05\\\/29\\\/ihh-insani-yardim-vakfina-bassagligi-ve-dayanisma-mesaji\\\/\"},\"author\":{\"name\":\"\u0641\u0627\u0626\u0632 \u0627\u0644\u0645\u062d\u0648\u0631\u0642\",\"@id\":\"https:\\\/\\\/badyh.org\\\/tr\\\/#\\\/schema\\\/person\\\/08e49111cb12823bc6e18850ee9bfee9\"},\"headline\":\"\u0130HH \u0130nsani Yard\u0131m Vakf\u0131\u2019na Ba\u015fsa\u011fl\u0131\u011f\u0131 ve Dayan\u0131\u015fma Mesaj\u0131\",\"datePublished\":\"2025-05-29T16:57:07+00:00\",\"mainEntityOfPage\":{\"@id\":\"https:\\\/\\\/badyh.org\\\/tr\\\/2025\\\/05\\\/29\\\/ihh-insani-yardim-vakfina-bassagligi-ve-dayanisma-mesaji\\\/\"},\"wordCount\":242,\"commentCount\":0,\"image\":{\"@id\":\"https:\\\/\\\/badyh.org\\\/tr\\\/2025\\\/05\\\/29\\\/ihh-insani-yardim-vakfina-bassagligi-ve-dayanisma-mesaji\\\/#primaryimage\"},\"thumbnailUrl\":\"https:\\\/\\\/badyh.org\\\/tr\\\/wp-content\\\/uploads\\\/sites\\\/3\\\/2025\\\/05\\\/\u062a\u0639\u0632\u064a\u0629-iHH-HDTV-1080.jpg\",\"keywords\":[\"El-Badia\",\"IHH\",\"\u0130HH \u0130nsani Yard\u0131m\",\"Yemen\"],\"articleSection\":[\"Haberler\"],\"inLanguage\":\"tr\",\"potentialAction\":[{\"@type\":\"CommentAction\",\"name\":\"Comment\",\"target\":[\"https:\\\/\\\/badyh.org\\\/tr\\\/2025\\\/05\\\/29\\\/ihh-insani-yardim-vakfina-bassagligi-ve-dayanisma-mesaji\\\/#respond\"]}]},{\"@type\":\"WebPage\",\"@id\":\"https:\\\/\\\/badyh.org\\\/tr\\\/2025\\\/05\\\/29\\\/ihh-insani-yardim-vakfina-bassagligi-ve-dayanisma-mesaji\\\/\",\"url\":\"https:\\\/\\\/badyh.org\\\/tr\\\/2025\\\/05\\\/29\\\/ihh-insani-yardim-vakfina-bassagligi-ve-dayanisma-mesaji\\\/\",\"name\":\"\u0130HH \u0130nsani Yard\u0131m Vakf\u0131\u2019na Ba\u015fsa\u011fl\u0131\u011f\u0131 ve Dayan\u0131\u015fma Mesaj\u0131 - El-Badyh Kalk\u0131nma ve \u0130nsani Yard\u0131m Derne\u011fi\",\"isPartOf\":{\"@id\":\"https:\\\/\\\/badyh.org\\\/tr\\\/#website\"},\"primaryImageOfPage\":{\"@id\":\"https:\\\/\\\/badyh.org\\\/tr\\\/2025\\\/05\\\/29\\\/ihh-insani-yardim-vakfina-bassagligi-ve-dayanisma-mesaji\\\/#primaryimage\"},\"image\":{\"@id\":\"https:\\\/\\\/badyh.org\\\/tr\\\/2025\\\/05\\\/29\\\/ihh-insani-yardim-vakfina-bassagligi-ve-dayanisma-mesaji\\\/#primaryimage\"},\"thumbnailUrl\":\"https:\\\/\\\/badyh.org\\\/tr\\\/wp-content\\\/uploads\\\/sites\\\/3\\\/2025\\\/05\\\/\u062a\u0639\u0632\u064a\u0629-iHH-HDTV-1080.jpg\",\"datePublished\":\"2025-05-29T16:57:07+00:00\",\"author\":{\"@id\":\"https:\\\/\\\/badyh.org\\\/tr\\\/#\\\/schema\\\/person\\\/08e49111cb12823bc6e18850ee9bfee9\"},\"description\":\"Yemen\u2019deki El-Badia Kalk\u0131nma ve \u0130nsani Yard\u0131m Vakf\u0131 olarak, \u0130HH \u0130nsani Yard\u0131m Vakf\u0131 b\u00fcnyesinde g\u00f6rev yapan ve Gazze. \u015eeridi\u2019nde insani bir\",\"breadcrumb\":{\"@id\":\"https:\\\/\\\/badyh.org\\\/tr\\\/2025\\\/05\\\/29\\\/ihh-insani-yardim-vakfina-bassagligi-ve-dayanisma-mesaji\\\/#breadcrumb\"},\"inLanguage\":\"tr\",\"potentialAction\":[{\"@type\":\"ReadAction\",\"target\":[\"https:\\\/\\\/badyh.org\\\/tr\\\/2025\\\/05\\\/29\\\/ihh-insani-yardim-vakfina-bassagligi-ve-dayanisma-mesaji\\\/\"]}]},{\"@type\":\"ImageObject\",\"inLanguage\":\"tr\",\"@id\":\"https:\\\/\\\/badyh.org\\\/tr\\\/2025\\\/05\\\/29\\\/ihh-insani-yardim-vakfina-bassagligi-ve-dayanisma-mesaji\\\/#primaryimage\",\"url\":\"https:\\\/\\\/badyh.org\\\/tr\\\/wp-content\\\/uploads\\\/sites\\\/3\\\/2025\\\/05\\\/\u062a\u0639\u0632\u064a\u0629-iHH-HDTV-1080.jpg\",\"contentUrl\":\"https:\\\/\\\/badyh.org\\\/tr\\\/wp-content\\\/uploads\\\/sites\\\/3\\\/2025\\\/05\\\/\u062a\u0639\u0632\u064a\u0629-iHH-HDTV-1080.jpg\",\"width\":1080,\"height\":1350,\"caption\":\"\u0130HH \u0130nsani Yard\u0131m Vakf\u0131\u2019na Ba\u015fsa\u011fl\u0131\u011f\u0131 ve Dayan\u0131\u015fma Mesaj\u0131\"},{\"@type\":\"BreadcrumbList\",\"@id\":\"https:\\\/\\\/badyh.org\\\/tr\\\/2025\\\/05\\\/29\\\/ihh-insani-yardim-vakfina-bassagligi-ve-dayanisma-mesaji\\\/#breadcrumb\",\"itemListElement\":[{\"@type\":\"ListItem\",\"position\":1,\"name\":\"\u0627\u0644\u0631\u0626\u064a\u0633\u064a\u0629\",\"item\":\"https:\\\/\\\/badyh.org\\\/tr\\\/\"},{\"@type\":\"ListItem\",\"position\":2,\"name\":\"\u0130HH \u0130nsani Yard\u0131m Vakf\u0131\u2019na Ba\u015fsa\u011fl\u0131\u011f\u0131 ve Dayan\u0131\u015fma Mesaj\u0131\"}]},{\"@type\":\"WebSite\",\"@id\":\"https:\\\/\\\/badyh.org\\\/tr\\\/#website\",\"url\":\"https:\\\/\\\/badyh.org\\\/tr\\\/\",\"name\":\"El-Badyh Kalk\u0131nma ve \u0130nsani Yard\u0131m Derne\u011fi\",\"description\":\"\u0645\u0648\u0642\u0639 \u0622\u062e\u0631 \u0641\u064a \u0645\u0624\u0633\u0633\u0629 \u0627\u0644\u0628\u0627\u062f\u064a\u0629 \u0644\u0644\u062a\u0646\u0645\u064a\u0629 \u0648\u0627\u0644\u0627\u0639\u0645\u0627\u0644 \u0627\u0644\u0625\u0646\u0633\u0627\u0646\u064a\u0629\",\"potentialAction\":[{\"@type\":\"SearchAction\",\"target\":{\"@type\":\"EntryPoint\",\"urlTemplate\":\"https:\\\/\\\/badyh.org\\\/tr\\\/?s={search_term_string}\"},\"query-input\":{\"@type\":\"PropertyValueSpecification\",\"valueRequired\":true,\"valueName\":\"search_term_string\"}}],\"inLanguage\":\"tr\"},{\"@type\":\"Person\",\"@id\":\"https:\\\/\\\/badyh.org\\\/tr\\\/#\\\/schema\\\/person\\\/08e49111cb12823bc6e18850ee9bfee9\",\"name\":\"\u0641\u0627\u0626\u0632 \u0627\u0644\u0645\u062d\u0648\u0631\u0642\",\"image\":{\"@type\":\"ImageObject\",\"inLanguage\":\"tr\",\"@id\":\"https:\\\/\\\/secure.gravatar.com\\\/avatar\\\/f6d6bae32f39bffdfefbb3a8465e18bb771365fdc03ee5118bdb5cc4a2c79398?s=96&d=mm&r=g\",\"url\":\"https:\\\/\\\/secure.gravatar.com\\\/avatar\\\/f6d6bae32f39bffdfefbb3a8465e18bb771365fdc03ee5118bdb5cc4a2c79398?s=96&d=mm&r=g\",\"contentUrl\":\"https:\\\/\\\/secure.gravatar.com\\\/avatar\\\/f6d6bae32f39bffdfefbb3a8465e18bb771365fdc03ee5118bdb5cc4a2c79398?s=96&d=mm&r=g\",\"caption\":\"\u0641\u0627\u0626\u0632 \u0627\u0644\u0645\u062d\u0648\u0631\u0642\"},\"url\":\"https:\\\/\\\/badyh.org\\\/tr\\\/author\\\/faeezmm1988\\\/\"}]}<\/script>\n<!-- \/ Yoast SEO plugin. -->","yoast_head_json":{"title":"\u0130HH \u0130nsani Yard\u0131m Vakf\u0131\u2019na Ba\u015fsa\u011fl\u0131\u011f\u0131 ve Dayan\u0131\u015fma Mesaj\u0131 - El-Badyh Kalk\u0131nma ve \u0130nsani Yard\u0131m Derne\u011fi","description":"Yemen\u2019deki El-Badia Kalk\u0131nma ve \u0130nsani Yard\u0131m Vakf\u0131 olarak, \u0130HH \u0130nsani Yard\u0131m Vakf\u0131 b\u00fcnyesinde g\u00f6rev yapan ve Gazze. \u015eeridi\u2019nde insani bir","robots":{"index":"index","follow":"follow","max-snippet":"max-snippet:-1","max-image-preview":"max-image-preview:large","max-video-preview":"max-video-preview:-1"},"canonical":"https:\/\/badyh.org\/tr\/2025\/05\/29\/ihh-insani-yardim-vakfina-bassagligi-ve-dayanisma-mesaji\/","og_locale":"tr_TR","og_type":"article","og_title":"\u0130HH \u0130nsani Yard\u0131m Vakf\u0131\u2019na Ba\u015fsa\u011fl\u0131\u011f\u0131 ve Dayan\u0131\u015fma Mesaj\u0131 - El-Badyh Kalk\u0131nma ve \u0130nsani Yard\u0131m Derne\u011fi","og_description":"Yemen\u2019deki El-Badia Kalk\u0131nma ve \u0130nsani Yard\u0131m Vakf\u0131 olarak, \u0130HH \u0130nsani Yard\u0131m Vakf\u0131 b\u00fcnyesinde g\u00f6rev yapan ve Gazze. \u015eeridi\u2019nde insani bir","og_url":"https:\/\/badyh.org\/tr\/2025\/05\/29\/ihh-insani-yardim-vakfina-bassagligi-ve-dayanisma-mesaji\/","og_site_name":"El-Badyh Kalk\u0131nma ve \u0130nsani Yard\u0131m Derne\u011fi","article_published_time":"2025-05-29T16:57:07+00:00","og_image":[{"width":1080,"height":1350,"url":"https:\/\/badyh.org\/tr\/wp-content\/uploads\/sites\/3\/2025\/05\/\u062a\u0639\u0632\u064a\u0629-iHH-HDTV-1080.jpg","type":"image\/jpeg"}],"author":"\u0641\u0627\u0626\u0632 \u0627\u0644\u0645\u062d\u0648\u0631\u0642","twitter_card":"summary_large_image","twitter_misc":{"Yazan:":"\u0641\u0627\u0626\u0632 \u0627\u0644\u0645\u062d\u0648\u0631\u0642","Tahmini okuma s\u00fcresi":"2 dakika"},"schema":{"@context":"https:\/\/schema.org","@graph":[{"@type":"Article","@id":"https:\/\/badyh.org\/tr\/2025\/05\/29\/ihh-insani-yardim-vakfina-bassagligi-ve-dayanisma-mesaji\/#article","isPartOf":{"@id":"https:\/\/badyh.org\/tr\/2025\/05\/29\/ihh-insani-yardim-vakfina-bassagligi-ve-dayanisma-mesaji\/"},"author":{"name":"\u0641\u0627\u0626\u0632 \u0627\u0644\u0645\u062d\u0648\u0631\u0642","@id":"https:\/\/badyh.org\/tr\/#\/schema\/person\/08e49111cb12823bc6e18850ee9bfee9"},"headline":"\u0130HH \u0130nsani Yard\u0131m Vakf\u0131\u2019na Ba\u015fsa\u011fl\u0131\u011f\u0131 ve Dayan\u0131\u015fma Mesaj\u0131","datePublished":"2025-05-29T16:57:07+00:00","mainEntityOfPage":{"@id":"https:\/\/badyh.org\/tr\/2025\/05\/29\/ihh-insani-yardim-vakfina-bassagligi-ve-dayanisma-mesaji\/"},"wordCount":242,"commentCount":0,"image":{"@id":"https:\/\/badyh.org\/tr\/2025\/05\/29\/ihh-insani-yardim-vakfina-bassagligi-ve-dayanisma-mesaji\/#primaryimage"},"thumbnailUrl":"https:\/\/badyh.org\/tr\/wp-content\/uploads\/sites\/3\/2025\/05\/\u062a\u0639\u0632\u064a\u0629-iHH-HDTV-1080.jpg","keywords":["El-Badia","IHH","\u0130HH \u0130nsani Yard\u0131m","Yemen"],"articleSection":["Haberler"],"inLanguage":"tr","potentialAction":[{"@type":"CommentAction","name":"Comment","target":["https:\/\/badyh.org\/tr\/2025\/05\/29\/ihh-insani-yardim-vakfina-bassagligi-ve-dayanisma-mesaji\/#respond"]}]},{"@type":"WebPage","@id":"https:\/\/badyh.org\/tr\/2025\/05\/29\/ihh-insani-yardim-vakfina-bassagligi-ve-dayanisma-mesaji\/","url":"https:\/\/badyh.org\/tr\/2025\/05\/29\/ihh-insani-yardim-vakfina-bassagligi-ve-dayanisma-mesaji\/","name":"\u0130HH \u0130nsani Yard\u0131m Vakf\u0131\u2019na Ba\u015fsa\u011fl\u0131\u011f\u0131 ve Dayan\u0131\u015fma Mesaj\u0131 - El-Badyh Kalk\u0131nma ve \u0130nsani Yard\u0131m Derne\u011fi","isPartOf":{"@id":"https:\/\/badyh.org\/tr\/#website"},"primaryImageOfPage":{"@id":"https:\/\/badyh.org\/tr\/2025\/05\/29\/ihh-insani-yardim-vakfina-bassagligi-ve-dayanisma-mesaji\/#primaryimage"},"image":{"@id":"https:\/\/badyh.org\/tr\/2025\/05\/29\/ihh-insani-yardim-vakfina-bassagligi-ve-dayanisma-mesaji\/#primaryimage"},"thumbnailUrl":"https:\/\/badyh.org\/tr\/wp-content\/uploads\/sites\/3\/2025\/05\/\u062a\u0639\u0632\u064a\u0629-iHH-HDTV-1080.jpg","datePublished":"2025-05-29T16:57:07+00:00","author":{"@id":"https:\/\/badyh.org\/tr\/#\/schema\/person\/08e49111cb12823bc6e18850ee9bfee9"},"description":"Yemen\u2019deki El-Badia Kalk\u0131nma ve \u0130nsani Yard\u0131m Vakf\u0131 olarak, \u0130HH \u0130nsani Yard\u0131m Vakf\u0131 b\u00fcnyesinde g\u00f6rev yapan ve Gazze. \u015eeridi\u2019nde insani bir","breadcrumb":{"@id":"https:\/\/badyh.org\/tr\/2025\/05\/29\/ihh-insani-yardim-vakfina-bassagligi-ve-dayanisma-mesaji\/#breadcrumb"},"inLanguage":"tr","potentialAction":[{"@type":"ReadAction","target":["https:\/\/badyh.org\/tr\/2025\/05\/29\/ihh-insani-yardim-vakfina-bassagligi-ve-dayanisma-mesaji\/"]}]},{"@type":"ImageObject","inLanguage":"tr","@id":"https:\/\/badyh.org\/tr\/2025\/05\/29\/ihh-insani-yardim-vakfina-bassagligi-ve-dayanisma-mesaji\/#primaryimage","url":"https:\/\/badyh.org\/tr\/wp-content\/uploads\/sites\/3\/2025\/05\/\u062a\u0639\u0632\u064a\u0629-iHH-HDTV-1080.jpg","contentUrl":"https:\/\/badyh.org\/tr\/wp-content\/uploads\/sites\/3\/2025\/05\/\u062a\u0639\u0632\u064a\u0629-iHH-HDTV-1080.jpg","width":1080,"height":1350,"caption":"\u0130HH \u0130nsani Yard\u0131m Vakf\u0131\u2019na Ba\u015fsa\u011fl\u0131\u011f\u0131 ve Dayan\u0131\u015fma Mesaj\u0131"},{"@type":"BreadcrumbList","@id":"https:\/\/badyh.org\/tr\/2025\/05\/29\/ihh-insani-yardim-vakfina-bassagligi-ve-dayanisma-mesaji\/#breadcrumb","itemListElement":[{"@type":"ListItem","position":1,"name":"\u0627\u0644\u0631\u0626\u064a\u0633\u064a\u0629","item":"https:\/\/badyh.org\/tr\/"},{"@type":"ListItem","position":2,"name":"\u0130HH \u0130nsani Yard\u0131m Vakf\u0131\u2019na Ba\u015fsa\u011fl\u0131\u011f\u0131 ve Dayan\u0131\u015fma Mesaj\u0131"}]},{"@type":"WebSite","@id":"https:\/\/badyh.org\/tr\/#website","url":"https:\/\/badyh.org\/tr\/","name":"El-Badyh Kalk\u0131nma ve \u0130nsani Yard\u0131m Derne\u011fi","description":"\u0645\u0648\u0642\u0639 \u0622\u062e\u0631 \u0641\u064a \u0645\u0624\u0633\u0633\u0629 \u0627\u0644\u0628\u0627\u062f\u064a\u0629 \u0644\u0644\u062a\u0646\u0645\u064a\u0629 \u0648\u0627\u0644\u0627\u0639\u0645\u0627\u0644 \u0627\u0644\u0625\u0646\u0633\u0627\u0646\u064a\u0629","potentialAction":[{"@type":"SearchAction","target":{"@type":"EntryPoint","urlTemplate":"https:\/\/badyh.org\/tr\/?s={search_term_string}"},"query-input":{"@type":"PropertyValueSpecification","valueRequired":true,"valueName":"search_term_string"}}],"inLanguage":"tr"},{"@type":"Person","@id":"https:\/\/badyh.org\/tr\/#\/schema\/person\/08e49111cb12823bc6e18850ee9bfee9","name":"\u0641\u0627\u0626\u0632 \u0627\u0644\u0645\u062d\u0648\u0631\u0642","image":{"@type":"ImageObject","inLanguage":"tr","@id":"https:\/\/secure.gravatar.com\/avatar\/f6d6bae32f39bffdfefbb3a8465e18bb771365fdc03ee5118bdb5cc4a2c79398?s=96&d=mm&r=g","url":"https:\/\/secure.gravatar.com\/avatar\/f6d6bae32f39bffdfefbb3a8465e18bb771365fdc03ee5118bdb5cc4a2c79398?s=96&d=mm&r=g","contentUrl":"https:\/\/secure.gravatar.com\/avatar\/f6d6bae32f39bffdfefbb3a8465e18bb771365fdc03ee5118bdb5cc4a2c79398?s=96&d=mm&r=g","caption":"\u0641\u0627\u0626\u0632 \u0627\u0644\u0645\u062d\u0648\u0631\u0642"},"url":"https:\/\/badyh.org\/tr\/author\/faeezmm1988\/"}]}},"jetpack_featured_media_url":"https:\/\/badyh.org\/tr\/wp-content\/uploads\/sites\/3\/2025\/05\/\u062a\u0639\u0632\u064a\u0629-iHH-HDTV-1080.jpg","jetpack_sharing_enabled":true,"_links":{"self":[{"href":"https:\/\/badyh.org\/tr\/wp-json\/wp\/v2\/posts\/5422","targetHints":{"allow":["GET"]}}],"collection":[{"href":"https:\/\/badyh.org\/tr\/wp-json\/wp\/v2\/posts"}],"about":[{"href":"https:\/\/badyh.org\/tr\/wp-json\/wp\/v2\/types\/post"}],"author":[{"embeddable":true,"href":"https:\/\/badyh.org\/tr\/wp-json\/wp\/v2\/users\/2"}],"replies":[{"embeddable":true,"href":"https:\/\/badyh.org\/tr\/wp-json\/wp\/v2\/comments?post=5422"}],"version-history":[{"count":1,"href":"https:\/\/badyh.org\/tr\/wp-json\/wp\/v2\/posts\/5422\/revisions"}],"predecessor-version":[{"id":5424,"href":"https:\/\/badyh.org\/tr\/wp-json\/wp\/v2\/posts\/5422\/revisions\/5424"}],"wp:featuredmedia":[{"embeddable":true,"href":"https:\/\/badyh.org\/tr\/wp-json\/wp\/v2\/media\/5423"}],"wp:attachment":[{"href":"https:\/\/badyh.org\/tr\/wp-json\/wp\/v2\/media?parent=5422"}],"wp:term":[{"taxonomy":"category","embeddable":true,"href":"https:\/\/badyh.org\/tr\/wp-json\/wp\/v2\/categories?post=5422"},{"taxonomy":"post_tag","embeddable":true,"href":"https:\/\/badyh.org\/tr\/wp-json\/wp\/v2\/tags?post=5422"}],"curies":[{"name":"wp","href":"https:\/\/api.w.org\/{rel}","templated":true}]}}