{"id":5360,"date":"2023-07-25T09:34:16","date_gmt":"2023-07-25T06:34:16","guid":{"rendered":"https:\/\/badyh.org\/tr\/?p=5360"},"modified":"2023-07-26T11:04:56","modified_gmt":"2023-07-26T08:04:56","slug":"turkiye-diyanet-vakfi-al-badyh-derneginin-1444-hicri-yili-kurban-projesine-gerceklestirilmesine-katkida-bulunuyor","status":"publish","type":"post","link":"https:\/\/badyh.org\/tr\/2023\/07\/25\/turkiye-diyanet-vakfi-al-badyh-derneginin-1444-hicri-yili-kurban-projesine-gerceklestirilmesine-katkida-bulunuyor\/","title":{"rendered":"T\u00fcrkiye Diyanet Vakf\u0131, AL-Badyh Derne\u011fi&#8217;nin ,1444 Hicri y\u0131l\u0131, Kurban projesine ger\u00e7ekle\u015ftirilmesine katk\u0131da bulunuyor."},"content":{"rendered":"<p dir=\"ltr\" style=\"text-align: left\"><span style=\"vertical-align: inherit\"><span style=\"vertical-align: inherit\">\u0643\u0645\u0645\u062b\u0644 \u0644\u0644\u0645\u0624\u0633\u0633\u0629 \u0627\u0644\u062f\u064a\u0646\u064a\u0629 \u0627\u0644\u062a\u0631\u0643\u064a\u0629 \u060c \u0633\u0627\u0647\u0645\u062a \u0631\u0626\u0627\u0633\u0629 \u0627\u0644\u0634\u0624\u0648\u0646 \u0627\u0644\u062f\u064a\u0646\u064a\u0629 \u0627\u0644\u062a\u0631\u0643\u064a\u0629 \u0628\u0634\u0643\u0644 \u062a\u0642\u0644\u064a\u062f\u064a \u0641\u064a \u0645\u0634\u0631\u0648\u0639 \u0642\u0631\u0628\u0627\u0646 \u0627\u0644\u0630\u064a \u062a\u0646\u0641\u0630\u0647 \u062c\u0645\u0639\u064a\u0629 \u0627\u0644\u0628\u0627\u062f\u064a\u0629 \u0644\u0644\u0633\u0646\u0629 \u0627\u0644\u062e\u0627\u0645\u0633\u0629 \u0639\u0644\u0649 \u0627\u0644\u062a\u0648\u0627\u0644\u064a \u060c 1444 \u0647\u062c\u0631\u064a\u064b\u0627 &#8211; 2023 \u0633\u0646\u0629 \u0645\u064a\u0644\u0627\u062f\u064a\u0629.<\/span><\/span><\/p>\n<p dir=\"ltr\" style=\"text-align: left\"><span style=\"vertical-align: inherit\"><span style=\"vertical-align: inherit\">\u0627\u0633\u062a\u0636\u0627\u0641\u062a \u0627\u0644\u062c\u0645\u0639\u064a\u0629 \u0648\u0641\u062f \u0627\u0644\u0645\u0624\u0633\u0633\u0627\u062a \u0627\u0644\u0645\u0634\u0627\u0631\u0643\u0629 \u0641\u064a \u0627\u0644\u0645\u0634\u0631\u0648\u0639 \u0628\u0631\u0626\u0627\u0633\u0629 \u0645\u062d\u0645\u062f \u0628\u0647\u0627\u0621 \u0627\u0644\u062f\u064a\u0646 \u064a\u0648\u0645 \u0627\u0644\u0623\u0631\u0628\u0639\u0627\u0621 14 \u064a\u0648\u0646\u064a\u0648 2023. <\/span><span style=\"vertical-align: inherit\">\u062a\u0645 \u062a\u0642\u062f\u064a\u0645 \u0625\u062c\u0645\u0627\u0644\u064a 750 \u0630\u0628\u064a\u062d\u0629 \u0645\u0646 \u0627\u0644\u0623\u0628\u0642\u0627\u0631 \u0648\u062a\u0648\u0632\u064a\u0639\u0647\u0627 \u0641\u064a \u0645\u062d\u0627\u0641\u0638\u0627\u062a \u062d\u0636\u0631\u0645\u0648\u062a \u0648\u0645\u0623\u0631\u0628 \u0648\u062a\u0639\u0632 \u0641\u064a \u0627\u0644\u064a\u0645\u0646. <\/span><span style=\"vertical-align: inherit\">\u062a\u0645 \u0627\u0644\u062a\u0648\u0632\u064a\u0639 \u0628\u0627\u0644\u062a\u0639\u0627\u0648\u0646 \u0645\u0639 \u0627\u0644\u0645\u0646\u0638\u0645\u0627\u062a \u0648\u0627\u0644\u062c\u0645\u0639\u064a\u0627\u062a \u0627\u0644\u0634\u0631\u064a\u0643\u0629 \u0641\u064a \u0627\u0644\u0645\u062d\u0627\u0641\u0638\u0627\u062a.<\/span><\/span><\/p>\n<p dir=\"ltr\" style=\"text-align: left\"><span style=\"vertical-align: inherit\"><span style=\"vertical-align: inherit\">\u0645\u0646 \u062c\u0627\u0646\u0628\u0647 \u060c \u0634\u0643\u0631 \u0645\u062c\u062f\u064a \u0631\u0628\u064a\u0639\u0629 \u060c \u0645\u062f\u064a\u0631 \u0625\u062f\u0627\u0631\u0629 \u0627\u0644\u0645\u0634\u0627\u0631\u064a\u0639 \u0648\u0631\u0626\u064a\u0633 \u0644\u062c\u0646\u0629 \u0645\u0634\u0631\u0648\u0639 \u0627\u0644\u0623\u0636\u0627\u062d\u064a \u060c \u062a\u0631\u0643\u064a\u0627 \u062d\u0643\u0648\u0645\u0629\u064b \u0648\u0634\u0639\u0628\u0627\u064b \u060c \u0648\u0639\u0628\u0631 \u0644\u0644\u0645\u0624\u0633\u0633\u0629 \u0627\u0644\u062f\u064a\u0646\u064a\u0629 \u0627\u0644\u062a\u0631\u0643\u064a\u0629 \u0639\u0646 \u0647\u0630\u0627 \u0627\u0644\u0625\u062d\u0633\u0627\u0633 \u0628\u0627\u0644\u0625\u062d\u0633\u0627\u0646 \u0648\u0627\u0644\u0623\u062e\u0648\u0629 \u0627\u0644\u0630\u064a \u064a\u0646\u0638\u0645\u0647 \u0627\u0644\u0634\u0639\u0628 \u0627\u0644\u064a\u0645\u0646\u064a \u0643\u0644 \u0639\u0627\u0645 \u0641\u064a \u0638\u0644 \u0627\u0644\u0638\u0631\u0648\u0641 \u0627\u0644\u0645\u0639\u064a\u0634\u064a\u0629 \u0627\u0644\u0635\u0639\u0628\u0629. <\/span><span style=\"vertical-align: inherit\">\u0648\u0630\u0643\u0631 \u0623\u0646 \u0647\u0630\u0627 \u0627\u0644\u0645\u0634\u0631\u0648\u0639 \u064a\u0647\u062f\u0641 \u0625\u0644\u0649 \u0627\u0644\u0645\u0633\u0627\u0647\u0645\u0629 \u0641\u064a \u0627\u0644\u0638\u0631\u0648\u0641 \u0627\u0644\u0645\u0639\u064a\u0634\u064a\u0629 \u0627\u0644\u0635\u0639\u0628\u0629 \u0644\u0644\u0634\u0639\u0628 \u0627\u0644\u064a\u0645\u0646\u064a \u060c \u062d\u064a\u062b \u064a\u062a\u0645 \u062a\u062e\u0635\u064a\u0635 \u0647\u0624\u0644\u0627\u0621 \u0627\u0644\u0636\u062d\u0627\u064a\u0627 \u0644\u0623\u0633\u0631 \u0645\u062d\u062a\u0627\u062c\u0629 \u0643\u0644 \u0639\u0627\u0645.<\/span><\/span><\/p>\n<p dir=\"ltr\" style=\"text-align: left\"><span style=\"vertical-align: inherit\"><span style=\"vertical-align: inherit\">\u0648\u0623\u0648\u0636\u062d \u0645\u062c\u062f\u064a \u0631\u0628\u064a\u0639\u0629 \u0623\u0646\u0647\u0645 \u064a\u0647\u062f\u0641\u0648\u0646 \u0625\u0644\u0649 \u0627\u0644\u0645\u0633\u0627\u0647\u0645\u0629 \u0641\u064a \u0625\u0633\u0639\u0627\u062f \u0639\u0634\u0631\u0627\u062a \u0627\u0644\u0622\u0644\u0627\u0641 \u0645\u0646 \u0627\u0644\u0623\u0633\u0631 \u0645\u0646 \u0627\u0644\u0623\u0633\u0631 \u0627\u0644\u0636\u0639\u064a\u0641\u0629 \u0648\u0627\u0644\u0641\u0642\u064a\u0631\u0629 \u0648\u0627\u0644\u0623\u064a\u062a\u0627\u0645 \u0648\u0627\u0644\u0646\u0627\u0632\u062d\u064a\u0646 \u0645\u0646 \u062e\u0644\u0627\u0644 \u0645\u0634\u0631\u0648\u0639 \u062c\u0645\u0639\u064a\u0629 \u0627\u0644\u0628\u0627\u062f\u064a\u0629 \u0644\u0644\u0625\u063a\u0627\u062b\u0629 \u0627\u0644\u0625\u0646\u0633\u0627\u0646\u064a\u0629 \u060c \u0648\u062a\u0645 \u062a\u0634\u0643\u064a\u0644 \u0644\u062c\u0646\u0629 \u062e\u0627\u0635\u0629 \u0644\u0645\u062a\u0627\u0628\u0639\u0629 \u0627\u0644\u062a\u0646\u0641\u064a\u0630. \u0644\u0644\u0645\u0634\u0631\u0648\u0639 \u0648\u0645\u062a\u0627\u0628\u0639\u0629 \u0633\u064a\u0631 \u0627\u0644\u0625\u062c\u0631\u0627\u0621\u0627\u062a \u062e\u0644\u0627\u0644 \u0639\u064a\u062f \u0627\u0644\u0623\u0636\u062d\u0649 \u0627\u0644\u0645\u0628\u0627\u0631\u0643.<\/span><\/span><\/p>\n<p dir=\"ltr\" style=\"text-align: left\"><span style=\"vertical-align: inherit\"><span style=\"vertical-align: inherit\">\u0648\u0630\u0643\u0631 \u0631\u0628\u064a\u0639\u0629 \u0623\u0646\u0647 \u0628\u062a\u0645\u0648\u064a\u0644 \u0645\u0646 \u0627\u0644\u0645\u0624\u0633\u0633\u0629 \u0627\u0644\u062f\u064a\u0646\u064a\u0629 \u0627\u0644\u062a\u0631\u0643\u064a\u0629 \u060c \u0633\u064a\u062a\u0645 \u0630\u0628\u062d 750 \u0631\u0623\u0633\u064b\u0627 \u0645\u0646 \u0627\u0644\u0645\u0627\u0634\u064a\u0629 \u0648\u062a\u0648\u0632\u064a\u0639\u0647\u0627 \u0639\u0644\u0649 \u0627\u0644\u062c\u0645\u0647\u0648\u0631 \u0627\u0644\u0645\u0633\u062a\u0647\u062f\u0641 \u0641\u064a \u0627\u0644\u0623\u064a\u0627\u0645 \u0627\u0644\u062a\u0627\u0644\u064a\u0629 \u0644\u064a\u0648\u0645 \u0627\u0644\u0639\u064a\u062f \u060c \u0648\u0623\u0646\u0647\u0627 \u062a\u0647\u062f\u0641 \u0625\u0644\u0649 \u0627\u0644\u0648\u0635\u0648\u0644 \u0625\u0644\u0649 \u0623\u0643\u062b\u0631 \u0645\u0646 22500 \u0623\u0633\u0631\u0629 \u0641\u064a 3 \u0645\u062d\u0627\u0641\u0638\u0627\u062a.<\/span><\/span><\/p>\n<p dir=\"ltr\" style=\"text-align: left\"><span style=\"vertical-align: inherit\"><span style=\"vertical-align: inherit\">\u064a\u0647\u062f\u0641 \u062a\u062d\u0642\u064a\u0642 \u0647\u0630\u0627 \u0627\u0644\u0645\u0634\u0631\u0648\u0639 \u0625\u0644\u0649 \u0627\u0644\u062a\u062e\u0641\u064a\u0641 \u0645\u0646 \u0645\u0639\u0627\u0646\u0627\u0629 \u0627\u0644\u0623\u0633\u0631 \u0627\u0644\u0623\u0634\u062f \u0641\u0642\u0631\u0627\u064b \u062e\u0644\u0627\u0644 \u0639\u064a\u062f \u0627\u0644\u0623\u0636\u062d\u0649 \u060c \u0641\u064a \u0648\u0642\u062a \u064a\u0639\u0627\u0646\u064a \u0641\u064a\u0647 \u0645\u0639\u0638\u0645 \u0627\u0644\u0646\u0627\u0633 \u0645\u0646 \u0638\u0631\u0648\u0641 \u0645\u0639\u064a\u0634\u064a\u0629 \u0635\u0639\u0628\u0629 \u0641\u064a \u0627\u0644\u0628\u0644\u0627\u062f. <\/span><span style=\"vertical-align: inherit\">\u0641\u064a \u0647\u0630\u0627 \u0627\u0644\u0625\u0637\u0627\u0631 \u062a\u0642\u0648\u0645 \u062c\u0645\u0639\u064a\u0629 \u0627\u0644\u0628\u0627\u062f\u064a\u0629 \u0648\u0634\u0631\u0643\u0627\u0624\u0647\u0627 \u0628\u062a\u0646\u0641\u064a\u0630 \u0647\u0630\u0627 \u0627\u0644\u0645\u0634\u0631\u0648\u0639 \u0644\u062d\u0633\u0627\u0633\u064a\u062a\u0647\u0645 \u0641\u064a \u0645\u062a\u0627\u0628\u0639\u0629 \u0623\u0648\u0636\u0627\u0639 \u0627\u0644\u0645\u062d\u062a\u0627\u062c\u064a\u0646 \u0641\u064a \u0627\u0644\u064a\u0645\u0646.<\/span><\/span><\/p>\n<p dir=\"ltr\" style=\"text-align: left\"><img fetchpriority=\"high\" decoding=\"async\" class=\"aligncenter size-large wp-image-5368\" src=\"https:\/\/badyh.org\/tr\/wp-content\/uploads\/sites\/3\/2023\/07\/MVI_013100_00_0220230630-224155-1024x576.png\" alt=\"\" width=\"640\" height=\"360\" srcset=\"https:\/\/badyh.org\/tr\/wp-content\/uploads\/sites\/3\/2023\/07\/MVI_013100_00_0220230630-224155-1024x576.png 1024w, https:\/\/badyh.org\/tr\/wp-content\/uploads\/sites\/3\/2023\/07\/MVI_013100_00_0220230630-224155-300x169.png 300w, https:\/\/badyh.org\/tr\/wp-content\/uploads\/sites\/3\/2023\/07\/MVI_013100_00_0220230630-224155-768x432.png 768w, https:\/\/badyh.org\/tr\/wp-content\/uploads\/sites\/3\/2023\/07\/MVI_013100_00_0220230630-224155-1536x864.png 1536w, https:\/\/badyh.org\/tr\/wp-content\/uploads\/sites\/3\/2023\/07\/MVI_013100_00_0220230630-224155.png 1920w\" sizes=\"(max-width: 640px) 100vw, 640px\" \/> <img decoding=\"async\" class=\"aligncenter size-large wp-image-5366\" src=\"https:\/\/badyh.org\/tr\/wp-content\/uploads\/sites\/3\/2023\/07\/IMG_5183-HDTV-1080-1024x683.jpg\" alt=\"T\u00fcrkiye Diyanet Vakf\u0131, AL-Badyh Derne\u011fi'nin ,1444 Hicri y\u0131l\u0131, Kurban projesine ger\u00e7ekle\u015ftirilmesine katk\u0131da bulunuyor.\" width=\"640\" height=\"427\" srcset=\"https:\/\/badyh.org\/tr\/wp-content\/uploads\/sites\/3\/2023\/07\/IMG_5183-HDTV-1080-1024x683.jpg 1024w, https:\/\/badyh.org\/tr\/wp-content\/uploads\/sites\/3\/2023\/07\/IMG_5183-HDTV-1080-300x200.jpg 300w, https:\/\/badyh.org\/tr\/wp-content\/uploads\/sites\/3\/2023\/07\/IMG_5183-HDTV-1080-768x512.jpg 768w, https:\/\/badyh.org\/tr\/wp-content\/uploads\/sites\/3\/2023\/07\/IMG_5183-HDTV-1080-1536x1024.jpg 1536w, https:\/\/badyh.org\/tr\/wp-content\/uploads\/sites\/3\/2023\/07\/IMG_5183-HDTV-1080.jpg 1620w\" sizes=\"(max-width: 640px) 100vw, 640px\" \/> <img decoding=\"async\" class=\"aligncenter size-large wp-image-5365\" src=\"https:\/\/badyh.org\/tr\/wp-content\/uploads\/sites\/3\/2023\/07\/IMG_1868-HDTV-1080-1024x683.jpg\" alt=\"T\u00fcrkiye Diyanet Vakf\u0131, AL-Badyh Derne\u011fi'nin ,1444 Hicri y\u0131l\u0131, Kurban projesine ger\u00e7ekle\u015ftirilmesine katk\u0131da bulunuyor.\" width=\"640\" height=\"427\" srcset=\"https:\/\/badyh.org\/tr\/wp-content\/uploads\/sites\/3\/2023\/07\/IMG_1868-HDTV-1080-1024x683.jpg 1024w, https:\/\/badyh.org\/tr\/wp-content\/uploads\/sites\/3\/2023\/07\/IMG_1868-HDTV-1080-300x200.jpg 300w, https:\/\/badyh.org\/tr\/wp-content\/uploads\/sites\/3\/2023\/07\/IMG_1868-HDTV-1080-768x512.jpg 768w, https:\/\/badyh.org\/tr\/wp-content\/uploads\/sites\/3\/2023\/07\/IMG_1868-HDTV-1080-1536x1024.jpg 1536w, https:\/\/badyh.org\/tr\/wp-content\/uploads\/sites\/3\/2023\/07\/IMG_1868-HDTV-1080.jpg 1620w\" sizes=\"(max-width: 640px) 100vw, 640px\" \/> <img loading=\"lazy\" decoding=\"async\" class=\"aligncenter size-large wp-image-5364\" src=\"https:\/\/badyh.org\/tr\/wp-content\/uploads\/sites\/3\/2023\/07\/5-HDTV-1080-1024x683.jpg\" alt=\"T\u00fcrkiye Diyanet Vakf\u0131, AL-Badyh Derne\u011fi'nin ,1444 Hicri y\u0131l\u0131, Kurban projesine ger\u00e7ekle\u015ftirilmesine katk\u0131da bulunuyor.\" width=\"640\" height=\"427\" srcset=\"https:\/\/badyh.org\/tr\/wp-content\/uploads\/sites\/3\/2023\/07\/5-HDTV-1080-1024x683.jpg 1024w, https:\/\/badyh.org\/tr\/wp-content\/uploads\/sites\/3\/2023\/07\/5-HDTV-1080-300x200.jpg 300w, https:\/\/badyh.org\/tr\/wp-content\/uploads\/sites\/3\/2023\/07\/5-HDTV-1080-768x512.jpg 768w, https:\/\/badyh.org\/tr\/wp-content\/uploads\/sites\/3\/2023\/07\/5-HDTV-1080-1536x1025.jpg 1536w, https:\/\/badyh.org\/tr\/wp-content\/uploads\/sites\/3\/2023\/07\/5-HDTV-1080.jpg 1619w\" sizes=\"(max-width: 640px) 100vw, 640px\" \/><\/p>\n","protected":false},"excerpt":{"rendered":"<p>\u0643\u0645\u0645\u062b\u0644 \u0644\u0644\u0645\u0624\u0633\u0633\u0629 \u0627\u0644\u062f\u064a\u0646\u064a\u0629 \u0627\u0644\u062a\u0631\u0643\u064a\u0629 \u060c \u0633\u0627\u0647\u0645\u062a \u0631\u0626\u0627\u0633\u0629 \u0627\u0644\u0634\u0624\u0648\u0646 \u0627\u0644\u062f\u064a\u0646\u064a\u0629 \u0627\u0644\u062a\u0631\u0643\u064a\u0629 \u0628\u0634\u0643\u0644 \u062a\u0642\u0644\u064a\u062f\u064a \u0641\u064a \u0645\u0634\u0631\u0648\u0639 \u0642\u0631\u0628\u0627\u0646 \u0627\u0644\u0630\u064a \u062a\u0646\u0641\u0630\u0647 \u062c\u0645\u0639\u064a\u0629 \u0627\u0644\u0628\u0627\u062f\u064a\u0629 \u0644\u0644\u0633\u0646\u0629 \u0627\u0644\u062e\u0627\u0645\u0633\u0629 \u0639\u0644\u0649 \u0627\u0644\u062a\u0648\u0627\u0644\u064a \u060c 1444 \u0647\u062c\u0631\u064a\u064b\u0627 &#8211; 2023 \u0633\u0646\u0629 \u0645\u064a\u0644\u0627\u062f\u064a\u0629. \u0627\u0633\u062a\u0636\u0627\u0641\u062a \u0627\u0644\u062c\u0645\u0639\u064a\u0629 \u0648\u0641\u062f \u0627\u0644\u0645\u0624\u0633\u0633\u0627\u062a \u0627\u0644\u0645\u0634\u0627\u0631\u0643\u0629 \u0641\u064a \u0627\u0644\u0645\u0634\u0631\u0648\u0639 \u0628\u0631\u0626\u0627\u0633\u0629 \u0645\u062d\u0645\u062f \u0628\u0647\u0627\u0621 \u0627\u0644\u062f\u064a\u0646 \u064a\u0648\u0645 \u0627\u0644\u0623\u0631\u0628\u0639\u0627\u0621 14 \u064a\u0648\u0646\u064a\u0648 2023. \u062a\u0645 \u062a\u0642\u062f\u064a\u0645 \u0625\u062c\u0645\u0627\u0644\u064a 750 \u0630\u0628\u064a\u062d\u0629 \u0645\u0646 \u0627\u0644\u0623\u0628\u0642\u0627\u0631 \u0648\u062a\u0648\u0632\u064a\u0639\u0647\u0627 \u0641\u064a [&hellip;]<\/p>\n","protected":false},"author":2,"featured_media":5365,"comment_status":"open","ping_status":"open","sticky":false,"template":"","format":"standard","meta":{"rs_blank_template":"","rs_page_bg_color":"","slide_template_v7":"","_jetpack_memberships_contains_paid_content":false,"footnotes":""},"categories":[76],"tags":[],"class_list":["post-5360","post","type-post","status-publish","format-standard","has-post-thumbnail","hentry","category-haberler"],"yoast_head":"<!-- This site is optimized with the Yoast SEO plugin v27.4 - https:\/\/yoast.com\/product\/yoast-seo-wordpress\/ -->\n<title>T\u00fcrkiye Diyanet Vakf\u0131, AL-Badyh Derne\u011fi&#039;nin ,1444 Hicri y\u0131l\u0131, Kurban projesine ger\u00e7ekle\u015ftirilmesine katk\u0131da bulunuyor. - El-Badyh Kalk\u0131nma ve \u0130nsani Yard\u0131m Derne\u011fi<\/title>\n<meta name=\"robots\" content=\"index, follow, max-snippet:-1, max-image-preview:large, max-video-preview:-1\" \/>\n<link rel=\"canonical\" href=\"https:\/\/badyh.org\/tr\/2023\/07\/25\/turkiye-diyanet-vakfi-al-badyh-derneginin-1444-hicri-yili-kurban-projesine-gerceklestirilmesine-katkida-bulunuyor\/\" \/>\n<meta property=\"og:locale\" content=\"tr_TR\" \/>\n<meta property=\"og:type\" content=\"article\" \/>\n<meta property=\"og:title\" content=\"T\u00fcrkiye Diyanet Vakf\u0131, AL-Badyh Derne\u011fi&#039;nin ,1444 Hicri y\u0131l\u0131, Kurban projesine ger\u00e7ekle\u015ftirilmesine katk\u0131da bulunuyor. - El-Badyh Kalk\u0131nma ve \u0130nsani Yard\u0131m Derne\u011fi\" \/>\n<meta property=\"og:description\" content=\"\u0643\u0645\u0645\u062b\u0644 \u0644\u0644\u0645\u0624\u0633\u0633\u0629 \u0627\u0644\u062f\u064a\u0646\u064a\u0629 \u0627\u0644\u062a\u0631\u0643\u064a\u0629 \u060c \u0633\u0627\u0647\u0645\u062a \u0631\u0626\u0627\u0633\u0629 \u0627\u0644\u0634\u0624\u0648\u0646 \u0627\u0644\u062f\u064a\u0646\u064a\u0629 \u0627\u0644\u062a\u0631\u0643\u064a\u0629 \u0628\u0634\u0643\u0644 \u062a\u0642\u0644\u064a\u062f\u064a \u0641\u064a \u0645\u0634\u0631\u0648\u0639 \u0642\u0631\u0628\u0627\u0646 \u0627\u0644\u0630\u064a \u062a\u0646\u0641\u0630\u0647 \u062c\u0645\u0639\u064a\u0629 \u0627\u0644\u0628\u0627\u062f\u064a\u0629 \u0644\u0644\u0633\u0646\u0629 \u0627\u0644\u062e\u0627\u0645\u0633\u0629 \u0639\u0644\u0649 \u0627\u0644\u062a\u0648\u0627\u0644\u064a \u060c 1444 \u0647\u062c\u0631\u064a\u064b\u0627 &#8211; 2023 \u0633\u0646\u0629 \u0645\u064a\u0644\u0627\u062f\u064a\u0629. \u0627\u0633\u062a\u0636\u0627\u0641\u062a \u0627\u0644\u062c\u0645\u0639\u064a\u0629 \u0648\u0641\u062f \u0627\u0644\u0645\u0624\u0633\u0633\u0627\u062a \u0627\u0644\u0645\u0634\u0627\u0631\u0643\u0629 \u0641\u064a \u0627\u0644\u0645\u0634\u0631\u0648\u0639 \u0628\u0631\u0626\u0627\u0633\u0629 \u0645\u062d\u0645\u062f \u0628\u0647\u0627\u0621 \u0627\u0644\u062f\u064a\u0646 \u064a\u0648\u0645 \u0627\u0644\u0623\u0631\u0628\u0639\u0627\u0621 14 \u064a\u0648\u0646\u064a\u0648 2023. \u062a\u0645 \u062a\u0642\u062f\u064a\u0645 \u0625\u062c\u0645\u0627\u0644\u064a 750 \u0630\u0628\u064a\u062d\u0629 \u0645\u0646 \u0627\u0644\u0623\u0628\u0642\u0627\u0631 \u0648\u062a\u0648\u0632\u064a\u0639\u0647\u0627 \u0641\u064a [&hellip;]\" \/>\n<meta property=\"og:url\" content=\"https:\/\/badyh.org\/tr\/2023\/07\/25\/turkiye-diyanet-vakfi-al-badyh-derneginin-1444-hicri-yili-kurban-projesine-gerceklestirilmesine-katkida-bulunuyor\/\" \/>\n<meta property=\"og:site_name\" content=\"El-Badyh Kalk\u0131nma ve \u0130nsani Yard\u0131m Derne\u011fi\" \/>\n<meta property=\"article:published_time\" content=\"2023-07-25T06:34:16+00:00\" \/>\n<meta property=\"article:modified_time\" content=\"2023-07-26T08:04:56+00:00\" \/>\n<meta property=\"og:image\" content=\"https:\/\/badyh.org\/tr\/wp-content\/uploads\/sites\/3\/2023\/07\/IMG_1868-HDTV-1080.jpg\" \/>\n\t<meta property=\"og:image:width\" content=\"1620\" \/>\n\t<meta property=\"og:image:height\" content=\"1080\" \/>\n\t<meta property=\"og:image:type\" content=\"image\/jpeg\" \/>\n<meta name=\"author\" content=\"\u0641\u0627\u0626\u0632 \u0627\u0644\u0645\u062d\u0648\u0631\u0642\" \/>\n<meta name=\"twitter:card\" content=\"summary_large_image\" \/>\n<meta name=\"twitter:label1\" content=\"Yazan:\" \/>\n\t<meta name=\"twitter:data1\" content=\"\u0641\u0627\u0626\u0632 \u0627\u0644\u0645\u062d\u0648\u0631\u0642\" \/>\n\t<meta name=\"twitter:label2\" content=\"Tahmini okuma s\u00fcresi\" \/>\n\t<meta name=\"twitter:data2\" content=\"3 dakika\" \/>\n<script type=\"application\/ld+json\" class=\"yoast-schema-graph\">{\"@context\":\"https:\\\/\\\/schema.org\",\"@graph\":[{\"@type\":\"Article\",\"@id\":\"https:\\\/\\\/badyh.org\\\/tr\\\/2023\\\/07\\\/25\\\/turkiye-diyanet-vakfi-al-badyh-derneginin-1444-hicri-yili-kurban-projesine-gerceklestirilmesine-katkida-bulunuyor\\\/#article\",\"isPartOf\":{\"@id\":\"https:\\\/\\\/badyh.org\\\/tr\\\/2023\\\/07\\\/25\\\/turkiye-diyanet-vakfi-al-badyh-derneginin-1444-hicri-yili-kurban-projesine-gerceklestirilmesine-katkida-bulunuyor\\\/\"},\"author\":{\"name\":\"\u0641\u0627\u0626\u0632 \u0627\u0644\u0645\u062d\u0648\u0631\u0642\",\"@id\":\"https:\\\/\\\/badyh.org\\\/tr\\\/#\\\/schema\\\/person\\\/08e49111cb12823bc6e18850ee9bfee9\"},\"headline\":\"T\u00fcrkiye Diyanet Vakf\u0131, AL-Badyh Derne\u011fi&#8217;nin ,1444 Hicri y\u0131l\u0131, Kurban projesine ger\u00e7ekle\u015ftirilmesine katk\u0131da bulunuyor.\",\"datePublished\":\"2023-07-25T06:34:16+00:00\",\"dateModified\":\"2023-07-26T08:04:56+00:00\",\"mainEntityOfPage\":{\"@id\":\"https:\\\/\\\/badyh.org\\\/tr\\\/2023\\\/07\\\/25\\\/turkiye-diyanet-vakfi-al-badyh-derneginin-1444-hicri-yili-kurban-projesine-gerceklestirilmesine-katkida-bulunuyor\\\/\"},\"wordCount\":20,\"commentCount\":0,\"image\":{\"@id\":\"https:\\\/\\\/badyh.org\\\/tr\\\/2023\\\/07\\\/25\\\/turkiye-diyanet-vakfi-al-badyh-derneginin-1444-hicri-yili-kurban-projesine-gerceklestirilmesine-katkida-bulunuyor\\\/#primaryimage\"},\"thumbnailUrl\":\"https:\\\/\\\/badyh.org\\\/tr\\\/wp-content\\\/uploads\\\/sites\\\/3\\\/2023\\\/07\\\/IMG_1868-HDTV-1080.jpg\",\"articleSection\":[\"Haberler\"],\"inLanguage\":\"tr\",\"potentialAction\":[{\"@type\":\"CommentAction\",\"name\":\"Comment\",\"target\":[\"https:\\\/\\\/badyh.org\\\/tr\\\/2023\\\/07\\\/25\\\/turkiye-diyanet-vakfi-al-badyh-derneginin-1444-hicri-yili-kurban-projesine-gerceklestirilmesine-katkida-bulunuyor\\\/#respond\"]}]},{\"@type\":\"WebPage\",\"@id\":\"https:\\\/\\\/badyh.org\\\/tr\\\/2023\\\/07\\\/25\\\/turkiye-diyanet-vakfi-al-badyh-derneginin-1444-hicri-yili-kurban-projesine-gerceklestirilmesine-katkida-bulunuyor\\\/\",\"url\":\"https:\\\/\\\/badyh.org\\\/tr\\\/2023\\\/07\\\/25\\\/turkiye-diyanet-vakfi-al-badyh-derneginin-1444-hicri-yili-kurban-projesine-gerceklestirilmesine-katkida-bulunuyor\\\/\",\"name\":\"T\u00fcrkiye Diyanet Vakf\u0131, AL-Badyh Derne\u011fi'nin ,1444 Hicri y\u0131l\u0131, Kurban projesine ger\u00e7ekle\u015ftirilmesine katk\u0131da bulunuyor. - El-Badyh Kalk\u0131nma ve \u0130nsani Yard\u0131m Derne\u011fi\",\"isPartOf\":{\"@id\":\"https:\\\/\\\/badyh.org\\\/tr\\\/#website\"},\"primaryImageOfPage\":{\"@id\":\"https:\\\/\\\/badyh.org\\\/tr\\\/2023\\\/07\\\/25\\\/turkiye-diyanet-vakfi-al-badyh-derneginin-1444-hicri-yili-kurban-projesine-gerceklestirilmesine-katkida-bulunuyor\\\/#primaryimage\"},\"image\":{\"@id\":\"https:\\\/\\\/badyh.org\\\/tr\\\/2023\\\/07\\\/25\\\/turkiye-diyanet-vakfi-al-badyh-derneginin-1444-hicri-yili-kurban-projesine-gerceklestirilmesine-katkida-bulunuyor\\\/#primaryimage\"},\"thumbnailUrl\":\"https:\\\/\\\/badyh.org\\\/tr\\\/wp-content\\\/uploads\\\/sites\\\/3\\\/2023\\\/07\\\/IMG_1868-HDTV-1080.jpg\",\"datePublished\":\"2023-07-25T06:34:16+00:00\",\"dateModified\":\"2023-07-26T08:04:56+00:00\",\"author\":{\"@id\":\"https:\\\/\\\/badyh.org\\\/tr\\\/#\\\/schema\\\/person\\\/08e49111cb12823bc6e18850ee9bfee9\"},\"breadcrumb\":{\"@id\":\"https:\\\/\\\/badyh.org\\\/tr\\\/2023\\\/07\\\/25\\\/turkiye-diyanet-vakfi-al-badyh-derneginin-1444-hicri-yili-kurban-projesine-gerceklestirilmesine-katkida-bulunuyor\\\/#breadcrumb\"},\"inLanguage\":\"tr\",\"potentialAction\":[{\"@type\":\"ReadAction\",\"target\":[\"https:\\\/\\\/badyh.org\\\/tr\\\/2023\\\/07\\\/25\\\/turkiye-diyanet-vakfi-al-badyh-derneginin-1444-hicri-yili-kurban-projesine-gerceklestirilmesine-katkida-bulunuyor\\\/\"]}]},{\"@type\":\"ImageObject\",\"inLanguage\":\"tr\",\"@id\":\"https:\\\/\\\/badyh.org\\\/tr\\\/2023\\\/07\\\/25\\\/turkiye-diyanet-vakfi-al-badyh-derneginin-1444-hicri-yili-kurban-projesine-gerceklestirilmesine-katkida-bulunuyor\\\/#primaryimage\",\"url\":\"https:\\\/\\\/badyh.org\\\/tr\\\/wp-content\\\/uploads\\\/sites\\\/3\\\/2023\\\/07\\\/IMG_1868-HDTV-1080.jpg\",\"contentUrl\":\"https:\\\/\\\/badyh.org\\\/tr\\\/wp-content\\\/uploads\\\/sites\\\/3\\\/2023\\\/07\\\/IMG_1868-HDTV-1080.jpg\",\"width\":1620,\"height\":1080,\"caption\":\"T\u00fcrkiye Diyanet Vakf\u0131, AL-Badyh Derne\u011fi'nin ,1444 Hicri y\u0131l\u0131, Kurban projesine ger\u00e7ekle\u015ftirilmesine katk\u0131da bulunuyor.\"},{\"@type\":\"BreadcrumbList\",\"@id\":\"https:\\\/\\\/badyh.org\\\/tr\\\/2023\\\/07\\\/25\\\/turkiye-diyanet-vakfi-al-badyh-derneginin-1444-hicri-yili-kurban-projesine-gerceklestirilmesine-katkida-bulunuyor\\\/#breadcrumb\",\"itemListElement\":[{\"@type\":\"ListItem\",\"position\":1,\"name\":\"\u0627\u0644\u0631\u0626\u064a\u0633\u064a\u0629\",\"item\":\"https:\\\/\\\/badyh.org\\\/tr\\\/\"},{\"@type\":\"ListItem\",\"position\":2,\"name\":\"T\u00fcrkiye Diyanet Vakf\u0131, AL-Badyh Derne\u011fi&#8217;nin ,1444 Hicri y\u0131l\u0131, Kurban projesine ger\u00e7ekle\u015ftirilmesine katk\u0131da bulunuyor.\"}]},{\"@type\":\"WebSite\",\"@id\":\"https:\\\/\\\/badyh.org\\\/tr\\\/#website\",\"url\":\"https:\\\/\\\/badyh.org\\\/tr\\\/\",\"name\":\"El-Badyh Kalk\u0131nma ve \u0130nsani Yard\u0131m Derne\u011fi\",\"description\":\"\u0645\u0648\u0642\u0639 \u0622\u062e\u0631 \u0641\u064a \u0645\u0624\u0633\u0633\u0629 \u0627\u0644\u0628\u0627\u062f\u064a\u0629 \u0644\u0644\u062a\u0646\u0645\u064a\u0629 \u0648\u0627\u0644\u0627\u0639\u0645\u0627\u0644 \u0627\u0644\u0625\u0646\u0633\u0627\u0646\u064a\u0629\",\"potentialAction\":[{\"@type\":\"SearchAction\",\"target\":{\"@type\":\"EntryPoint\",\"urlTemplate\":\"https:\\\/\\\/badyh.org\\\/tr\\\/?s={search_term_string}\"},\"query-input\":{\"@type\":\"PropertyValueSpecification\",\"valueRequired\":true,\"valueName\":\"search_term_string\"}}],\"inLanguage\":\"tr\"},{\"@type\":\"Person\",\"@id\":\"https:\\\/\\\/badyh.org\\\/tr\\\/#\\\/schema\\\/person\\\/08e49111cb12823bc6e18850ee9bfee9\",\"name\":\"\u0641\u0627\u0626\u0632 \u0627\u0644\u0645\u062d\u0648\u0631\u0642\",\"image\":{\"@type\":\"ImageObject\",\"inLanguage\":\"tr\",\"@id\":\"https:\\\/\\\/secure.gravatar.com\\\/avatar\\\/f6d6bae32f39bffdfefbb3a8465e18bb771365fdc03ee5118bdb5cc4a2c79398?s=96&d=mm&r=g\",\"url\":\"https:\\\/\\\/secure.gravatar.com\\\/avatar\\\/f6d6bae32f39bffdfefbb3a8465e18bb771365fdc03ee5118bdb5cc4a2c79398?s=96&d=mm&r=g\",\"contentUrl\":\"https:\\\/\\\/secure.gravatar.com\\\/avatar\\\/f6d6bae32f39bffdfefbb3a8465e18bb771365fdc03ee5118bdb5cc4a2c79398?s=96&d=mm&r=g\",\"caption\":\"\u0641\u0627\u0626\u0632 \u0627\u0644\u0645\u062d\u0648\u0631\u0642\"},\"url\":\"https:\\\/\\\/badyh.org\\\/tr\\\/author\\\/faeezmm1988\\\/\"}]}<\/script>\n<!-- \/ Yoast SEO plugin. -->","yoast_head_json":{"title":"T\u00fcrkiye Diyanet Vakf\u0131, AL-Badyh Derne\u011fi'nin ,1444 Hicri y\u0131l\u0131, Kurban projesine ger\u00e7ekle\u015ftirilmesine katk\u0131da bulunuyor. - El-Badyh Kalk\u0131nma ve \u0130nsani Yard\u0131m Derne\u011fi","robots":{"index":"index","follow":"follow","max-snippet":"max-snippet:-1","max-image-preview":"max-image-preview:large","max-video-preview":"max-video-preview:-1"},"canonical":"https:\/\/badyh.org\/tr\/2023\/07\/25\/turkiye-diyanet-vakfi-al-badyh-derneginin-1444-hicri-yili-kurban-projesine-gerceklestirilmesine-katkida-bulunuyor\/","og_locale":"tr_TR","og_type":"article","og_title":"T\u00fcrkiye Diyanet Vakf\u0131, AL-Badyh Derne\u011fi'nin ,1444 Hicri y\u0131l\u0131, Kurban projesine ger\u00e7ekle\u015ftirilmesine katk\u0131da bulunuyor. - El-Badyh Kalk\u0131nma ve \u0130nsani Yard\u0131m Derne\u011fi","og_description":"\u0643\u0645\u0645\u062b\u0644 \u0644\u0644\u0645\u0624\u0633\u0633\u0629 \u0627\u0644\u062f\u064a\u0646\u064a\u0629 \u0627\u0644\u062a\u0631\u0643\u064a\u0629 \u060c \u0633\u0627\u0647\u0645\u062a \u0631\u0626\u0627\u0633\u0629 \u0627\u0644\u0634\u0624\u0648\u0646 \u0627\u0644\u062f\u064a\u0646\u064a\u0629 \u0627\u0644\u062a\u0631\u0643\u064a\u0629 \u0628\u0634\u0643\u0644 \u062a\u0642\u0644\u064a\u062f\u064a \u0641\u064a \u0645\u0634\u0631\u0648\u0639 \u0642\u0631\u0628\u0627\u0646 \u0627\u0644\u0630\u064a \u062a\u0646\u0641\u0630\u0647 \u062c\u0645\u0639\u064a\u0629 \u0627\u0644\u0628\u0627\u062f\u064a\u0629 \u0644\u0644\u0633\u0646\u0629 \u0627\u0644\u062e\u0627\u0645\u0633\u0629 \u0639\u0644\u0649 \u0627\u0644\u062a\u0648\u0627\u0644\u064a \u060c 1444 \u0647\u062c\u0631\u064a\u064b\u0627 &#8211; 2023 \u0633\u0646\u0629 \u0645\u064a\u0644\u0627\u062f\u064a\u0629. \u0627\u0633\u062a\u0636\u0627\u0641\u062a \u0627\u0644\u062c\u0645\u0639\u064a\u0629 \u0648\u0641\u062f \u0627\u0644\u0645\u0624\u0633\u0633\u0627\u062a \u0627\u0644\u0645\u0634\u0627\u0631\u0643\u0629 \u0641\u064a \u0627\u0644\u0645\u0634\u0631\u0648\u0639 \u0628\u0631\u0626\u0627\u0633\u0629 \u0645\u062d\u0645\u062f \u0628\u0647\u0627\u0621 \u0627\u0644\u062f\u064a\u0646 \u064a\u0648\u0645 \u0627\u0644\u0623\u0631\u0628\u0639\u0627\u0621 14 \u064a\u0648\u0646\u064a\u0648 2023. \u062a\u0645 \u062a\u0642\u062f\u064a\u0645 \u0625\u062c\u0645\u0627\u0644\u064a 750 \u0630\u0628\u064a\u062d\u0629 \u0645\u0646 \u0627\u0644\u0623\u0628\u0642\u0627\u0631 \u0648\u062a\u0648\u0632\u064a\u0639\u0647\u0627 \u0641\u064a [&hellip;]","og_url":"https:\/\/badyh.org\/tr\/2023\/07\/25\/turkiye-diyanet-vakfi-al-badyh-derneginin-1444-hicri-yili-kurban-projesine-gerceklestirilmesine-katkida-bulunuyor\/","og_site_name":"El-Badyh Kalk\u0131nma ve \u0130nsani Yard\u0131m Derne\u011fi","article_published_time":"2023-07-25T06:34:16+00:00","article_modified_time":"2023-07-26T08:04:56+00:00","og_image":[{"width":1620,"height":1080,"url":"https:\/\/badyh.org\/tr\/wp-content\/uploads\/sites\/3\/2023\/07\/IMG_1868-HDTV-1080.jpg","type":"image\/jpeg"}],"author":"\u0641\u0627\u0626\u0632 \u0627\u0644\u0645\u062d\u0648\u0631\u0642","twitter_card":"summary_large_image","twitter_misc":{"Yazan:":"\u0641\u0627\u0626\u0632 \u0627\u0644\u0645\u062d\u0648\u0631\u0642","Tahmini okuma s\u00fcresi":"3 dakika"},"schema":{"@context":"https:\/\/schema.org","@graph":[{"@type":"Article","@id":"https:\/\/badyh.org\/tr\/2023\/07\/25\/turkiye-diyanet-vakfi-al-badyh-derneginin-1444-hicri-yili-kurban-projesine-gerceklestirilmesine-katkida-bulunuyor\/#article","isPartOf":{"@id":"https:\/\/badyh.org\/tr\/2023\/07\/25\/turkiye-diyanet-vakfi-al-badyh-derneginin-1444-hicri-yili-kurban-projesine-gerceklestirilmesine-katkida-bulunuyor\/"},"author":{"name":"\u0641\u0627\u0626\u0632 \u0627\u0644\u0645\u062d\u0648\u0631\u0642","@id":"https:\/\/badyh.org\/tr\/#\/schema\/person\/08e49111cb12823bc6e18850ee9bfee9"},"headline":"T\u00fcrkiye Diyanet Vakf\u0131, AL-Badyh Derne\u011fi&#8217;nin ,1444 Hicri y\u0131l\u0131, Kurban projesine ger\u00e7ekle\u015ftirilmesine katk\u0131da bulunuyor.","datePublished":"2023-07-25T06:34:16+00:00","dateModified":"2023-07-26T08:04:56+00:00","mainEntityOfPage":{"@id":"https:\/\/badyh.org\/tr\/2023\/07\/25\/turkiye-diyanet-vakfi-al-badyh-derneginin-1444-hicri-yili-kurban-projesine-gerceklestirilmesine-katkida-bulunuyor\/"},"wordCount":20,"commentCount":0,"image":{"@id":"https:\/\/badyh.org\/tr\/2023\/07\/25\/turkiye-diyanet-vakfi-al-badyh-derneginin-1444-hicri-yili-kurban-projesine-gerceklestirilmesine-katkida-bulunuyor\/#primaryimage"},"thumbnailUrl":"https:\/\/badyh.org\/tr\/wp-content\/uploads\/sites\/3\/2023\/07\/IMG_1868-HDTV-1080.jpg","articleSection":["Haberler"],"inLanguage":"tr","potentialAction":[{"@type":"CommentAction","name":"Comment","target":["https:\/\/badyh.org\/tr\/2023\/07\/25\/turkiye-diyanet-vakfi-al-badyh-derneginin-1444-hicri-yili-kurban-projesine-gerceklestirilmesine-katkida-bulunuyor\/#respond"]}]},{"@type":"WebPage","@id":"https:\/\/badyh.org\/tr\/2023\/07\/25\/turkiye-diyanet-vakfi-al-badyh-derneginin-1444-hicri-yili-kurban-projesine-gerceklestirilmesine-katkida-bulunuyor\/","url":"https:\/\/badyh.org\/tr\/2023\/07\/25\/turkiye-diyanet-vakfi-al-badyh-derneginin-1444-hicri-yili-kurban-projesine-gerceklestirilmesine-katkida-bulunuyor\/","name":"T\u00fcrkiye Diyanet Vakf\u0131, AL-Badyh Derne\u011fi'nin ,1444 Hicri y\u0131l\u0131, Kurban projesine ger\u00e7ekle\u015ftirilmesine katk\u0131da bulunuyor. - El-Badyh Kalk\u0131nma ve \u0130nsani Yard\u0131m Derne\u011fi","isPartOf":{"@id":"https:\/\/badyh.org\/tr\/#website"},"primaryImageOfPage":{"@id":"https:\/\/badyh.org\/tr\/2023\/07\/25\/turkiye-diyanet-vakfi-al-badyh-derneginin-1444-hicri-yili-kurban-projesine-gerceklestirilmesine-katkida-bulunuyor\/#primaryimage"},"image":{"@id":"https:\/\/badyh.org\/tr\/2023\/07\/25\/turkiye-diyanet-vakfi-al-badyh-derneginin-1444-hicri-yili-kurban-projesine-gerceklestirilmesine-katkida-bulunuyor\/#primaryimage"},"thumbnailUrl":"https:\/\/badyh.org\/tr\/wp-content\/uploads\/sites\/3\/2023\/07\/IMG_1868-HDTV-1080.jpg","datePublished":"2023-07-25T06:34:16+00:00","dateModified":"2023-07-26T08:04:56+00:00","author":{"@id":"https:\/\/badyh.org\/tr\/#\/schema\/person\/08e49111cb12823bc6e18850ee9bfee9"},"breadcrumb":{"@id":"https:\/\/badyh.org\/tr\/2023\/07\/25\/turkiye-diyanet-vakfi-al-badyh-derneginin-1444-hicri-yili-kurban-projesine-gerceklestirilmesine-katkida-bulunuyor\/#breadcrumb"},"inLanguage":"tr","potentialAction":[{"@type":"ReadAction","target":["https:\/\/badyh.org\/tr\/2023\/07\/25\/turkiye-diyanet-vakfi-al-badyh-derneginin-1444-hicri-yili-kurban-projesine-gerceklestirilmesine-katkida-bulunuyor\/"]}]},{"@type":"ImageObject","inLanguage":"tr","@id":"https:\/\/badyh.org\/tr\/2023\/07\/25\/turkiye-diyanet-vakfi-al-badyh-derneginin-1444-hicri-yili-kurban-projesine-gerceklestirilmesine-katkida-bulunuyor\/#primaryimage","url":"https:\/\/badyh.org\/tr\/wp-content\/uploads\/sites\/3\/2023\/07\/IMG_1868-HDTV-1080.jpg","contentUrl":"https:\/\/badyh.org\/tr\/wp-content\/uploads\/sites\/3\/2023\/07\/IMG_1868-HDTV-1080.jpg","width":1620,"height":1080,"caption":"T\u00fcrkiye Diyanet Vakf\u0131, AL-Badyh Derne\u011fi'nin ,1444 Hicri y\u0131l\u0131, Kurban projesine ger\u00e7ekle\u015ftirilmesine katk\u0131da bulunuyor."},{"@type":"BreadcrumbList","@id":"https:\/\/badyh.org\/tr\/2023\/07\/25\/turkiye-diyanet-vakfi-al-badyh-derneginin-1444-hicri-yili-kurban-projesine-gerceklestirilmesine-katkida-bulunuyor\/#breadcrumb","itemListElement":[{"@type":"ListItem","position":1,"name":"\u0627\u0644\u0631\u0626\u064a\u0633\u064a\u0629","item":"https:\/\/badyh.org\/tr\/"},{"@type":"ListItem","position":2,"name":"T\u00fcrkiye Diyanet Vakf\u0131, AL-Badyh Derne\u011fi&#8217;nin ,1444 Hicri y\u0131l\u0131, Kurban projesine ger\u00e7ekle\u015ftirilmesine katk\u0131da bulunuyor."}]},{"@type":"WebSite","@id":"https:\/\/badyh.org\/tr\/#website","url":"https:\/\/badyh.org\/tr\/","name":"El-Badyh Kalk\u0131nma ve \u0130nsani Yard\u0131m Derne\u011fi","description":"\u0645\u0648\u0642\u0639 \u0622\u062e\u0631 \u0641\u064a \u0645\u0624\u0633\u0633\u0629 \u0627\u0644\u0628\u0627\u062f\u064a\u0629 \u0644\u0644\u062a\u0646\u0645\u064a\u0629 \u0648\u0627\u0644\u0627\u0639\u0645\u0627\u0644 \u0627\u0644\u0625\u0646\u0633\u0627\u0646\u064a\u0629","potentialAction":[{"@type":"SearchAction","target":{"@type":"EntryPoint","urlTemplate":"https:\/\/badyh.org\/tr\/?s={search_term_string}"},"query-input":{"@type":"PropertyValueSpecification","valueRequired":true,"valueName":"search_term_string"}}],"inLanguage":"tr"},{"@type":"Person","@id":"https:\/\/badyh.org\/tr\/#\/schema\/person\/08e49111cb12823bc6e18850ee9bfee9","name":"\u0641\u0627\u0626\u0632 \u0627\u0644\u0645\u062d\u0648\u0631\u0642","image":{"@type":"ImageObject","inLanguage":"tr","@id":"https:\/\/secure.gravatar.com\/avatar\/f6d6bae32f39bffdfefbb3a8465e18bb771365fdc03ee5118bdb5cc4a2c79398?s=96&d=mm&r=g","url":"https:\/\/secure.gravatar.com\/avatar\/f6d6bae32f39bffdfefbb3a8465e18bb771365fdc03ee5118bdb5cc4a2c79398?s=96&d=mm&r=g","contentUrl":"https:\/\/secure.gravatar.com\/avatar\/f6d6bae32f39bffdfefbb3a8465e18bb771365fdc03ee5118bdb5cc4a2c79398?s=96&d=mm&r=g","caption":"\u0641\u0627\u0626\u0632 \u0627\u0644\u0645\u062d\u0648\u0631\u0642"},"url":"https:\/\/badyh.org\/tr\/author\/faeezmm1988\/"}]}},"jetpack_featured_media_url":"https:\/\/badyh.org\/tr\/wp-content\/uploads\/sites\/3\/2023\/07\/IMG_1868-HDTV-1080.jpg","jetpack_sharing_enabled":true,"_links":{"self":[{"href":"https:\/\/badyh.org\/tr\/wp-json\/wp\/v2\/posts\/5360","targetHints":{"allow":["GET"]}}],"collection":[{"href":"https:\/\/badyh.org\/tr\/wp-json\/wp\/v2\/posts"}],"about":[{"href":"https:\/\/badyh.org\/tr\/wp-json\/wp\/v2\/types\/post"}],"author":[{"embeddable":true,"href":"https:\/\/badyh.org\/tr\/wp-json\/wp\/v2\/users\/2"}],"replies":[{"embeddable":true,"href":"https:\/\/badyh.org\/tr\/wp-json\/wp\/v2\/comments?post=5360"}],"version-history":[{"count":0,"href":"https:\/\/badyh.org\/tr\/wp-json\/wp\/v2\/posts\/5360\/revisions"}],"wp:featuredmedia":[{"embeddable":true,"href":"https:\/\/badyh.org\/tr\/wp-json\/wp\/v2\/media\/5365"}],"wp:attachment":[{"href":"https:\/\/badyh.org\/tr\/wp-json\/wp\/v2\/media?parent=5360"}],"wp:term":[{"taxonomy":"category","embeddable":true,"href":"https:\/\/badyh.org\/tr\/wp-json\/wp\/v2\/categories?post=5360"},{"taxonomy":"post_tag","embeddable":true,"href":"https:\/\/badyh.org\/tr\/wp-json\/wp\/v2\/tags?post=5360"}],"curies":[{"name":"wp","href":"https:\/\/api.w.org\/{rel}","templated":true}]}}