{"id":5321,"date":"2023-03-06T20:23:57","date_gmt":"2023-03-06T17:23:57","guid":{"rendered":"https:\/\/badyh.org\/tr\/?p=5321"},"modified":"2023-03-06T20:23:57","modified_gmt":"2023-03-06T17:23:57","slug":"tuk-tuk-sepetli-motosikletin","status":"publish","type":"post","link":"https:\/\/badyh.org\/tr\/2023\/03\/06\/tuk-tuk-sepetli-motosikletin\/","title":{"rendered":"T\u00fcrkiye Diyanet Vakf\u0131 taraf\u0131ndan finanse , El-Badiye Kalk\u0131nma ve \u0130nsani Yard\u0131m Derne\u011fi, Marib ve Hadramut illerinde 100 adet Tuk Tuk Sepetli Motosikletin da\u011f\u0131t\u0131m\u0131na ba\u015fl\u0131yor."},"content":{"rendered":"<p dir=\"ltr\" style=\"text-align: left\">Eillerindeki yerel makamlarla koordineli olarak uygul-Badiye Kalk\u0131nma ve \u0130nsani Yard\u0131m Derne\u011fi, 2-8 Mart tarihleri \u200b\u200baras\u0131nda, <a href=\"https:\/\/tdv.org\/ar-AR\/\">T\u00fcrkiye Diyanet Vakf\u0131<\/a> taraf\u0131ndan finanse edilen 100 ula\u015f\u0131m ve nakil arac\u0131n\u0131n da\u011f\u0131t\u0131m projesini, Marib ve Hadramut\u00a0lamaktad\u0131r.<!--more--><\/p>\n<p dir=\"ltr\" style=\"text-align: left\">Proje, Cumhurba\u015fkanl\u0131\u011f\u0131 Konseyi \u00fcyesi ve Marib Valisi T\u00fcmgeneral Sultan Al-Arada&#8217;n\u0131n c\u00f6mert himayesinde, \u201cMarib ilinde i\u015fsiz gen\u00e7lere ve \u00f6zel ihtiya\u00e7 sahiplerine 40 adet Tuk Tuk Sepetli ula\u015f\u0131m Motosikleti ve 20 adet Tuk Tuk Sepetli Nakil Motosikleti olmak \u00fczere 60 Tuk Tuk Sepetli Motosikletin da\u011f\u0131t\u0131lmas\u0131n\u0131 sa\u011flad\u0131. Proje, gen\u00e7leri desteklemeyi ve ailelerini ge\u00e7indirmelerini ve kendi kendilerine yetebilmelerini sa\u011flayan i\u015f f\u0131rsatlar\u0131 yaratmay\u0131 ama\u00e7lamaktad\u0131r.<\/p>\n<p dir=\"ltr\" style=\"text-align: left\">A\u00e7\u0131l\u0131\u015fta Marib Valili\u011fi M\u00fcste\u015far\u0131 Dr. Abd Rabbo Moftah, Cumhurba\u015fkanl\u0131\u011f\u0131 Konseyi \u00dcyesi ve Marib Valisi T\u00fcmgeneral Sultan Al-Arada&#8217;n\u0131n selamlar\u0131n\u0131 iletti. Yemen halk\u0131na sa\u011flad\u0131\u011f\u0131 b\u00fcy\u00fck destekten dolay\u0131 T\u00fcrk h\u00fck\u00fcmetine ve halk\u0131na te\u015fekk\u00fcr ve takdirlerini dile getirdi. T\u00fcrkiye&#8217;yi kas\u0131p kavuran ve b\u00fcy\u00fck y\u0131k\u0131ma neden olan ve binlerce can kayb\u0131na yol a\u00e7an depremler nedeniyle Yemen halk\u0131 ad\u0131na taziye dileklerini sundu ve \u015fehit olanlar i\u00e7in Allah&#8217;tan rahmet ve ma\u011ffiret niyaz\u0131nda bulundu.<\/p>\n<p dir=\"ltr\" style=\"text-align: left\">Yemen halk\u0131n\u0131n T\u00fcrk halk\u0131na, liderlerine ve iyilik sahiplerine minnet, sevgi ve takdir duyduklar\u0131n\u0131n alt\u0131n\u0131 \u00e7izdi. Bu projenin, uzuvlar\u0131n\u0131 kaybedenlerin yan\u0131 s\u0131ra ge\u00e7imini sa\u011flamay\u0131 yitirenlerin de s\u0131k\u0131nt\u0131lar\u0131n\u0131 b\u00fcy\u00fck \u00f6l\u00e7\u00fcde azaltaca\u011f\u0131n\u0131, i\u015fsizli\u011fin azalt\u0131lmas\u0131na ve gen\u00e7ler i\u00e7in ger\u00e7ek i\u015f f\u0131rsatlar\u0131 olu\u015fturulmas\u0131na \u00f6nemli katk\u0131lar sa\u011flayaca\u011f\u0131n\u0131 s\u00f6yledi.<\/p>\n<p dir=\"ltr\" style=\"text-align: left\">Derne\u011fin Program ve Projeler Departman\u0131 M\u00fcd\u00fcr\u00fc Magdy Bashayouth&#8217;tan M\u00fcste\u015far Moftah, bu proje ve hedefleri hakk\u0131nda bilgi ald\u0131. Projenin, Marib ve Hadramut illerinde engelliler ve i\u015fsizler grubundan 100 yararlan\u0131c\u0131y\u0131 hedefledi\u011fini ve bunlardan 60 yararlan\u0131c\u0131n\u0131n Marib ilinde oldu\u011funu dile getirdi. Projenin, kendilerinin ve ailelerinin ya\u015fam ko\u015fullar\u0131n\u0131 iyile\u015ftirmelerine yard\u0131mc\u0131 olmay\u0131 ve \u00f6zg\u00fcvenlerini geri kazanarak ve normal ya\u015famlar\u0131n\u0131 s\u00fcrd\u00fcrerek psikolojik olarak yard\u0131mc\u0131 olmay\u0131 ama\u00e7lad\u0131\u011f\u0131na dikkat \u00e7ekti.<\/p>\n<p dir=\"ltr\" style=\"text-align: left\">Bununla birlikte, Program ve Projeler Departman\u0131 M\u00fcd\u00fcr\u00fc Magdy Bashayouth, Yemen toplumunun, \u00f6zellikle \u00fclkenin i\u00e7inden ge\u00e7ti\u011fi zor ya\u015fam ko\u015fullar\u0131nda ge\u00e7imini sa\u011flamak i\u00e7in i\u015f f\u0131rsatlar\u0131 bulma ihtiyac\u0131na dayanarak bu projenin El-Badiye\u2019nin y\u0131llard\u0131r \u00fczerinde \u00e7al\u0131\u015ft\u0131\u011f\u0131 ve Yemen&#8217;in bir\u00e7ok kentinde uygulad\u0131\u011f\u0131 ekonomik g\u00fc\u00e7lendirme ve ge\u00e7im kaynaklar\u0131 a\u00e7\u0131s\u0131ndan \u00f6nemli projelerden biri oldu\u011funu belirtti.<\/p>\n<p dir=\"ltr\" style=\"text-align: left\">Bug\u00fcn Yemen ve T\u00fcrk halklar\u0131 aras\u0131ndaki karde\u015fli\u011fin derinli\u011fini ifade eden bir projeyi hayata ge\u00e7irmek i\u00e7in burada oldu\u011fumuzu ve Kahramanmara\u015f depremi sonucu ac\u0131 \u00e7eken T\u00fcrk halk\u0131na derin taziyetlerimizi ifade etti\u011fimizi s\u00f6zlerine ekledi. Allah&#8217;tan \u015fehitlere rahmet etmesini ve huzurunda kabul etmesini, hastalara \u015fifa vermesini ve afetzedelere\u00a0 g\u00fc\u00e7 kuvvet vermesini niyaz ediyoruz.<\/p>\n<p dir=\"ltr\" style=\"text-align: left\">Marib G\u00f6\u00e7 Dairesi Ba\u015fkan Yard\u0131mc\u0131s\u0131 Dr. Khaled Al-Shujani ise, T\u00fcrkiye&#8217;yi vuran ve b\u00fcy\u00fck insani ve maddi hasara neden olan deprem sonucunda T\u00fcrkiye&#8217;nin ba\u015f\u0131na gelenlere ra\u011fmen gelen bu c\u00f6mert T\u00fcrk deste\u011finin T\u00fcrk h\u00fck\u00fcmetine ve halk\u0131na kar\u015f\u0131 onur ve sayg\u0131 duymam\u0131z\u0131 gerektiren b\u00fcy\u00fck bir c\u00f6mertli\u011fi g\u00f6sterdi\u011fini ifade etti. Bu hafta sonunda 40 adet Tuk Tuk Sepetli Nakil Motosikletin Mukalla \u015fehrinde ve 40 adet Tuk Tuk Sepetli ula\u015f\u0131m Motosikletin Hadramut \u015fehrinde da\u011f\u0131t\u0131lmas\u0131 planland\u0131\u011f\u0131n\u0131 dile getirdi.<\/p>\n<p dir=\"ltr\" style=\"text-align: left\">\n<p dir=\"ltr\" style=\"text-align: left\">Bir\u00e7ok aileyi ihtiya\u00e7tan \u00fcretime dahil eden ve \u00fclkede 7 y\u0131l\u0131 a\u015fk\u0131n s\u00fcredir devam eden sava\u015f\u0131n etkilerinden s\u0131\u011f\u0131nmac\u0131 ve g\u00f6\u00e7men ailelerin gelirinin iyile\u015ftirilmesine katk\u0131da bulunan bu b\u00fcy\u00fck destek i\u00e7in T\u00fcrkiye Diyanet Vakf\u0131&#8217;na \u00e7ok say\u0131da hak sahibi te\u015fekk\u00fcrlerini iletti.<\/p>\n<p dir=\"ltr\" style=\"text-align: left\">Proje, bu y\u0131l\u0131n ba\u015f\u0131nda \u00e7e\u015fitli faaliyetlerin bir par\u00e7as\u0131 olarak Diyanet Vakf\u0131 taraf\u0131ndan onaylanm\u0131\u015ft\u0131r. Deprem sonucu T\u00fcrkiye&#8217;yi kas\u0131p kavuran mevcut \u015fartlar olmasayd\u0131 vak\u0131f ekibi projenin uygulanmas\u0131na kat\u0131l\u0131m sa\u011flayacakt\u0131. A\u00e7\u0131l\u0131\u015fa, \u0130ldeki \u00e7ok say\u0131da sivil toplum kurulu\u015fu ba\u015fkan\u0131 kat\u0131ld\u0131.<\/p>\n<div id='gallery-1' class='gallery galleryid-5321 gallery-columns-2 gallery-size-medium'><figure class='gallery-item'>\n\t\t\t<div class='gallery-icon landscape'>\n\t\t\t\t<a href='https:\/\/badyh.org\/tr\/wp-content\/uploads\/sites\/3\/2023\/03\/2A4A0502-HDTV-1080.jpg'><img fetchpriority=\"high\" decoding=\"async\" width=\"300\" height=\"200\" src=\"https:\/\/badyh.org\/tr\/wp-content\/uploads\/sites\/3\/2023\/03\/2A4A0502-HDTV-1080-300x200.jpg\" class=\"attachment-medium size-medium\" alt=\"T\u00fcrkiye Diyanet Vakf\u0131 taraf\u0131ndan finanse , El-Badiye Kalk\u0131nma ve \u0130nsani Yard\u0131m Derne\u011fi, Marib ve Hadramut illerinde 100 adet Tuk Tuk Sepetli Motosikletin da\u011f\u0131t\u0131m\u0131na ba\u015fl\u0131yor.\" srcset=\"https:\/\/badyh.org\/tr\/wp-content\/uploads\/sites\/3\/2023\/03\/2A4A0502-HDTV-1080-300x200.jpg 300w, https:\/\/badyh.org\/tr\/wp-content\/uploads\/sites\/3\/2023\/03\/2A4A0502-HDTV-1080-1024x683.jpg 1024w, https:\/\/badyh.org\/tr\/wp-content\/uploads\/sites\/3\/2023\/03\/2A4A0502-HDTV-1080-768x512.jpg 768w, https:\/\/badyh.org\/tr\/wp-content\/uploads\/sites\/3\/2023\/03\/2A4A0502-HDTV-1080-1536x1024.jpg 1536w, https:\/\/badyh.org\/tr\/wp-content\/uploads\/sites\/3\/2023\/03\/2A4A0502-HDTV-1080.jpg 1620w\" sizes=\"(max-width: 300px) 100vw, 300px\" \/><\/a>\n\t\t\t<\/div><\/figure><figure class='gallery-item'>\n\t\t\t<div class='gallery-icon landscape'>\n\t\t\t\t<a href='https:\/\/badyh.org\/tr\/wp-content\/uploads\/sites\/3\/2023\/03\/DJI_0079-HDTV-1080.jpg'><img decoding=\"async\" width=\"300\" height=\"169\" src=\"https:\/\/badyh.org\/tr\/wp-content\/uploads\/sites\/3\/2023\/03\/DJI_0079-HDTV-1080-300x169.jpg\" class=\"attachment-medium size-medium\" alt=\"T\u00fcrkiye Diyanet Vakf\u0131 taraf\u0131ndan finanse , El-Badiye Kalk\u0131nma ve \u0130nsani Yard\u0131m Derne\u011fi, Marib ve Hadramut illerinde 100 adet Tuk Tuk Sepetli Motosikletin da\u011f\u0131t\u0131m\u0131na ba\u015fl\u0131yor.\" aria-describedby=\"gallery-1-5330\" srcset=\"https:\/\/badyh.org\/tr\/wp-content\/uploads\/sites\/3\/2023\/03\/DJI_0079-HDTV-1080-300x169.jpg 300w, https:\/\/badyh.org\/tr\/wp-content\/uploads\/sites\/3\/2023\/03\/DJI_0079-HDTV-1080-1024x576.jpg 1024w, https:\/\/badyh.org\/tr\/wp-content\/uploads\/sites\/3\/2023\/03\/DJI_0079-HDTV-1080-768x432.jpg 768w, https:\/\/badyh.org\/tr\/wp-content\/uploads\/sites\/3\/2023\/03\/DJI_0079-HDTV-1080-1536x864.jpg 1536w, https:\/\/badyh.org\/tr\/wp-content\/uploads\/sites\/3\/2023\/03\/DJI_0079-HDTV-1080.jpg 1920w\" sizes=\"(max-width: 300px) 100vw, 300px\" \/><\/a>\n\t\t\t<\/div>\n\t\t\t\t<figcaption class='wp-caption-text gallery-caption' id='gallery-1-5330'>\n\t\t\t\tDCIM101MEDIADJI_0079.JPG\n\t\t\t\t<\/figcaption><\/figure><figure class='gallery-item'>\n\t\t\t<div class='gallery-icon landscape'>\n\t\t\t\t<a href='https:\/\/badyh.org\/tr\/wp-content\/uploads\/sites\/3\/2023\/03\/2A4A0358-HDTV-1080.jpg'><img decoding=\"async\" width=\"300\" height=\"200\" src=\"https:\/\/badyh.org\/tr\/wp-content\/uploads\/sites\/3\/2023\/03\/2A4A0358-HDTV-1080-300x200.jpg\" class=\"attachment-medium size-medium\" alt=\"T\u00fcrkiye Diyanet Vakf\u0131 taraf\u0131ndan finanse , El-Badiye Kalk\u0131nma ve \u0130nsani Yard\u0131m Derne\u011fi, Marib ve Hadramut illerinde 100 adet Tuk Tuk Sepetli Motosikletin da\u011f\u0131t\u0131m\u0131na ba\u015fl\u0131yor.\" srcset=\"https:\/\/badyh.org\/tr\/wp-content\/uploads\/sites\/3\/2023\/03\/2A4A0358-HDTV-1080-300x200.jpg 300w, https:\/\/badyh.org\/tr\/wp-content\/uploads\/sites\/3\/2023\/03\/2A4A0358-HDTV-1080-1024x683.jpg 1024w, https:\/\/badyh.org\/tr\/wp-content\/uploads\/sites\/3\/2023\/03\/2A4A0358-HDTV-1080-768x512.jpg 768w, https:\/\/badyh.org\/tr\/wp-content\/uploads\/sites\/3\/2023\/03\/2A4A0358-HDTV-1080-1536x1024.jpg 1536w, https:\/\/badyh.org\/tr\/wp-content\/uploads\/sites\/3\/2023\/03\/2A4A0358-HDTV-1080.jpg 1620w\" sizes=\"(max-width: 300px) 100vw, 300px\" \/><\/a>\n\t\t\t<\/div><\/figure><figure class='gallery-item'>\n\t\t\t<div class='gallery-icon landscape'>\n\t\t\t\t<a href='https:\/\/badyh.org\/tr\/wp-content\/uploads\/sites\/3\/2023\/03\/2A4A0264-HDTV-1080.jpg'><img loading=\"lazy\" decoding=\"async\" width=\"300\" height=\"200\" src=\"https:\/\/badyh.org\/tr\/wp-content\/uploads\/sites\/3\/2023\/03\/2A4A0264-HDTV-1080-300x200.jpg\" class=\"attachment-medium size-medium\" alt=\"T\u00fcrkiye Diyanet Vakf\u0131 taraf\u0131ndan finanse , El-Badiye Kalk\u0131nma ve \u0130nsani Yard\u0131m Derne\u011fi, Marib ve Hadramut illerinde 100 adet Tuk Tuk Sepetli Motosikletin da\u011f\u0131t\u0131m\u0131na ba\u015fl\u0131yor.\" srcset=\"https:\/\/badyh.org\/tr\/wp-content\/uploads\/sites\/3\/2023\/03\/2A4A0264-HDTV-1080-300x200.jpg 300w, https:\/\/badyh.org\/tr\/wp-content\/uploads\/sites\/3\/2023\/03\/2A4A0264-HDTV-1080-1024x683.jpg 1024w, https:\/\/badyh.org\/tr\/wp-content\/uploads\/sites\/3\/2023\/03\/2A4A0264-HDTV-1080-768x512.jpg 768w, https:\/\/badyh.org\/tr\/wp-content\/uploads\/sites\/3\/2023\/03\/2A4A0264-HDTV-1080-1536x1024.jpg 1536w, https:\/\/badyh.org\/tr\/wp-content\/uploads\/sites\/3\/2023\/03\/2A4A0264-HDTV-1080.jpg 1620w\" sizes=\"(max-width: 300px) 100vw, 300px\" \/><\/a>\n\t\t\t<\/div><\/figure><figure class='gallery-item'>\n\t\t\t<div class='gallery-icon landscape'>\n\t\t\t\t<a href='https:\/\/badyh.org\/tr\/wp-content\/uploads\/sites\/3\/2023\/03\/2A4A0275-HDTV-1080.jpg'><img loading=\"lazy\" decoding=\"async\" width=\"300\" height=\"200\" src=\"https:\/\/badyh.org\/tr\/wp-content\/uploads\/sites\/3\/2023\/03\/2A4A0275-HDTV-1080-300x200.jpg\" class=\"attachment-medium size-medium\" alt=\"T\u00fcrkiye Diyanet Vakf\u0131 taraf\u0131ndan finanse , El-Badiye Kalk\u0131nma ve \u0130nsani Yard\u0131m Derne\u011fi, Marib ve Hadramut illerinde 100 adet Tuk Tuk Sepetli Motosikletin da\u011f\u0131t\u0131m\u0131na ba\u015fl\u0131yor.\" srcset=\"https:\/\/badyh.org\/tr\/wp-content\/uploads\/sites\/3\/2023\/03\/2A4A0275-HDTV-1080-300x200.jpg 300w, https:\/\/badyh.org\/tr\/wp-content\/uploads\/sites\/3\/2023\/03\/2A4A0275-HDTV-1080-1024x683.jpg 1024w, https:\/\/badyh.org\/tr\/wp-content\/uploads\/sites\/3\/2023\/03\/2A4A0275-HDTV-1080-768x512.jpg 768w, https:\/\/badyh.org\/tr\/wp-content\/uploads\/sites\/3\/2023\/03\/2A4A0275-HDTV-1080-1536x1024.jpg 1536w, https:\/\/badyh.org\/tr\/wp-content\/uploads\/sites\/3\/2023\/03\/2A4A0275-HDTV-1080.jpg 1620w\" sizes=\"(max-width: 300px) 100vw, 300px\" \/><\/a>\n\t\t\t<\/div><\/figure><figure class='gallery-item'>\n\t\t\t<div class='gallery-icon landscape'>\n\t\t\t\t<a href='https:\/\/badyh.org\/tr\/wp-content\/uploads\/sites\/3\/2023\/03\/2A4A0255-HDTV-1080.jpg'><img loading=\"lazy\" decoding=\"async\" width=\"300\" height=\"200\" src=\"https:\/\/badyh.org\/tr\/wp-content\/uploads\/sites\/3\/2023\/03\/2A4A0255-HDTV-1080-300x200.jpg\" class=\"attachment-medium size-medium\" alt=\"T\u00fcrkiye Diyanet Vakf\u0131 taraf\u0131ndan finanse , El-Badiye Kalk\u0131nma ve \u0130nsani Yard\u0131m Derne\u011fi, Marib ve Hadramut illerinde 100 adet Tuk Tuk Sepetli Motosikletin da\u011f\u0131t\u0131m\u0131na ba\u015fl\u0131yor.\" srcset=\"https:\/\/badyh.org\/tr\/wp-content\/uploads\/sites\/3\/2023\/03\/2A4A0255-HDTV-1080-300x200.jpg 300w, https:\/\/badyh.org\/tr\/wp-content\/uploads\/sites\/3\/2023\/03\/2A4A0255-HDTV-1080-1024x683.jpg 1024w, https:\/\/badyh.org\/tr\/wp-content\/uploads\/sites\/3\/2023\/03\/2A4A0255-HDTV-1080-768x512.jpg 768w, https:\/\/badyh.org\/tr\/wp-content\/uploads\/sites\/3\/2023\/03\/2A4A0255-HDTV-1080-1536x1024.jpg 1536w, https:\/\/badyh.org\/tr\/wp-content\/uploads\/sites\/3\/2023\/03\/2A4A0255-HDTV-1080.jpg 1620w\" sizes=\"(max-width: 300px) 100vw, 300px\" \/><\/a>\n\t\t\t<\/div><\/figure><figure class='gallery-item'>\n\t\t\t<div class='gallery-icon landscape'>\n\t\t\t\t<a href='https:\/\/badyh.org\/tr\/wp-content\/uploads\/sites\/3\/2023\/03\/2A4A0481-HDTV-1080.jpg'><img loading=\"lazy\" decoding=\"async\" width=\"300\" height=\"200\" src=\"https:\/\/badyh.org\/tr\/wp-content\/uploads\/sites\/3\/2023\/03\/2A4A0481-HDTV-1080-300x200.jpg\" class=\"attachment-medium size-medium\" alt=\"T\u00fcrkiye Diyanet Vakf\u0131 taraf\u0131ndan finanse , El-Badiye Kalk\u0131nma ve \u0130nsani Yard\u0131m Derne\u011fi, Marib ve Hadramut illerinde 100 adet Tuk Tuk Sepetli Motosikletin da\u011f\u0131t\u0131m\u0131na ba\u015fl\u0131yor.\" srcset=\"https:\/\/badyh.org\/tr\/wp-content\/uploads\/sites\/3\/2023\/03\/2A4A0481-HDTV-1080-300x200.jpg 300w, https:\/\/badyh.org\/tr\/wp-content\/uploads\/sites\/3\/2023\/03\/2A4A0481-HDTV-1080-1024x683.jpg 1024w, https:\/\/badyh.org\/tr\/wp-content\/uploads\/sites\/3\/2023\/03\/2A4A0481-HDTV-1080-768x512.jpg 768w, https:\/\/badyh.org\/tr\/wp-content\/uploads\/sites\/3\/2023\/03\/2A4A0481-HDTV-1080-1536x1024.jpg 1536w, https:\/\/badyh.org\/tr\/wp-content\/uploads\/sites\/3\/2023\/03\/2A4A0481-HDTV-1080.jpg 1620w\" sizes=\"(max-width: 300px) 100vw, 300px\" \/><\/a>\n\t\t\t<\/div><\/figure><figure class='gallery-item'>\n\t\t\t<div class='gallery-icon landscape'>\n\t\t\t\t<a href='https:\/\/badyh.org\/tr\/wp-content\/uploads\/sites\/3\/2023\/03\/2A4A0261-HDTV-1080.jpg'><img loading=\"lazy\" decoding=\"async\" width=\"300\" height=\"200\" src=\"https:\/\/badyh.org\/tr\/wp-content\/uploads\/sites\/3\/2023\/03\/2A4A0261-HDTV-1080-300x200.jpg\" class=\"attachment-medium size-medium\" alt=\"T\u00fcrkiye Diyanet Vakf\u0131 taraf\u0131ndan finanse , El-Badiye Kalk\u0131nma ve \u0130nsani Yard\u0131m Derne\u011fi, Marib ve Hadramut illerinde 100 adet Tuk Tuk Sepetli Motosikletin da\u011f\u0131t\u0131m\u0131na ba\u015fl\u0131yor.\" srcset=\"https:\/\/badyh.org\/tr\/wp-content\/uploads\/sites\/3\/2023\/03\/2A4A0261-HDTV-1080-300x200.jpg 300w, https:\/\/badyh.org\/tr\/wp-content\/uploads\/sites\/3\/2023\/03\/2A4A0261-HDTV-1080-1024x683.jpg 1024w, https:\/\/badyh.org\/tr\/wp-content\/uploads\/sites\/3\/2023\/03\/2A4A0261-HDTV-1080-768x512.jpg 768w, https:\/\/badyh.org\/tr\/wp-content\/uploads\/sites\/3\/2023\/03\/2A4A0261-HDTV-1080-1536x1024.jpg 1536w, https:\/\/badyh.org\/tr\/wp-content\/uploads\/sites\/3\/2023\/03\/2A4A0261-HDTV-1080.jpg 1620w\" sizes=\"(max-width: 300px) 100vw, 300px\" \/><\/a>\n\t\t\t<\/div><\/figure><figure class='gallery-item'>\n\t\t\t<div class='gallery-icon landscape'>\n\t\t\t\t<a href='https:\/\/badyh.org\/tr\/wp-content\/uploads\/sites\/3\/2023\/03\/2A4A0428-HDTV-1080.jpg'><img loading=\"lazy\" decoding=\"async\" width=\"300\" height=\"200\" src=\"https:\/\/badyh.org\/tr\/wp-content\/uploads\/sites\/3\/2023\/03\/2A4A0428-HDTV-1080-300x200.jpg\" class=\"attachment-medium size-medium\" alt=\"T\u00fcrkiye Diyanet Vakf\u0131 taraf\u0131ndan finanse , El-Badiye Kalk\u0131nma ve \u0130nsani Yard\u0131m Derne\u011fi, Marib ve Hadramut illerinde 100 adet Tuk Tuk Sepetli Motosikletin da\u011f\u0131t\u0131m\u0131na ba\u015fl\u0131yor.\" srcset=\"https:\/\/badyh.org\/tr\/wp-content\/uploads\/sites\/3\/2023\/03\/2A4A0428-HDTV-1080-300x200.jpg 300w, https:\/\/badyh.org\/tr\/wp-content\/uploads\/sites\/3\/2023\/03\/2A4A0428-HDTV-1080-1024x683.jpg 1024w, https:\/\/badyh.org\/tr\/wp-content\/uploads\/sites\/3\/2023\/03\/2A4A0428-HDTV-1080-768x512.jpg 768w, https:\/\/badyh.org\/tr\/wp-content\/uploads\/sites\/3\/2023\/03\/2A4A0428-HDTV-1080-1536x1024.jpg 1536w, https:\/\/badyh.org\/tr\/wp-content\/uploads\/sites\/3\/2023\/03\/2A4A0428-HDTV-1080.jpg 1620w\" sizes=\"(max-width: 300px) 100vw, 300px\" \/><\/a>\n\t\t\t<\/div><\/figure><figure class='gallery-item'>\n\t\t\t<div class='gallery-icon landscape'>\n\t\t\t\t<a href='https:\/\/badyh.org\/tr\/wp-content\/uploads\/sites\/3\/2023\/03\/DJI_0110-HDTV-1080.jpg'><img loading=\"lazy\" decoding=\"async\" width=\"300\" height=\"169\" src=\"https:\/\/badyh.org\/tr\/wp-content\/uploads\/sites\/3\/2023\/03\/DJI_0110-HDTV-1080-300x169.jpg\" class=\"attachment-medium size-medium\" alt=\"T\u00fcrkiye Diyanet Vakf\u0131 taraf\u0131ndan finanse , El-Badiye Kalk\u0131nma ve \u0130nsani Yard\u0131m Derne\u011fi, Marib ve Hadramut illerinde 100 adet Tuk Tuk Sepetli Motosikletin da\u011f\u0131t\u0131m\u0131na ba\u015fl\u0131yor.\" aria-describedby=\"gallery-1-5322\" srcset=\"https:\/\/badyh.org\/tr\/wp-content\/uploads\/sites\/3\/2023\/03\/DJI_0110-HDTV-1080-300x169.jpg 300w, https:\/\/badyh.org\/tr\/wp-content\/uploads\/sites\/3\/2023\/03\/DJI_0110-HDTV-1080-1024x576.jpg 1024w, https:\/\/badyh.org\/tr\/wp-content\/uploads\/sites\/3\/2023\/03\/DJI_0110-HDTV-1080-768x432.jpg 768w, https:\/\/badyh.org\/tr\/wp-content\/uploads\/sites\/3\/2023\/03\/DJI_0110-HDTV-1080-1536x864.jpg 1536w, https:\/\/badyh.org\/tr\/wp-content\/uploads\/sites\/3\/2023\/03\/DJI_0110-HDTV-1080.jpg 1920w\" sizes=\"(max-width: 300px) 100vw, 300px\" \/><\/a>\n\t\t\t<\/div>\n\t\t\t\t<figcaption class='wp-caption-text gallery-caption' id='gallery-1-5322'>\n\t\t\t\tDCIM101MEDIADJI_0110.JPG\n\t\t\t\t<\/figcaption><\/figure>\n\t\t<\/div>\n\n","protected":false},"excerpt":{"rendered":"<p>Eillerindeki yerel makamlarla koordineli olarak uygul-Badiye Kalk\u0131nma ve \u0130nsani Yard\u0131m Derne\u011fi, 2-8 Mart tarihleri \u200b\u200baras\u0131nda, T\u00fcrkiye Diyanet Vakf\u0131 taraf\u0131ndan finanse edilen 100 ula\u015f\u0131m ve nakil arac\u0131n\u0131n da\u011f\u0131t\u0131m projesini, Marib ve Hadramut\u00a0lamaktad\u0131r.<\/p>\n","protected":false},"author":2,"featured_media":5322,"comment_status":"open","ping_status":"open","sticky":false,"template":"","format":"standard","meta":{"rs_blank_template":"","rs_page_bg_color":"","slide_template_v7":"","_jetpack_memberships_contains_paid_content":false,"footnotes":""},"categories":[76],"tags":[157,158,98,156,155],"class_list":["post-5321","post","type-post","status-publish","format-standard","has-post-thumbnail","hentry","category-haberler","tag-hadramut","tag-insani-yardim-dernegi","tag-marib","tag-tuk-tuk","tag-turkiye"],"yoast_head":"<!-- This site is optimized with the Yoast SEO plugin v27.4 - https:\/\/yoast.com\/product\/yoast-seo-wordpress\/ -->\n<title>T\u00fcrkiye Diyanet Vakf\u0131 taraf\u0131ndan finanse , El-Badiye Kalk\u0131nma ve \u0130nsani Yard\u0131m Derne\u011fi, Marib ve Hadramut illerinde 100 adet Tuk Tuk Sepetli Motosikletin da\u011f\u0131t\u0131m\u0131na ba\u015fl\u0131yor. - El-Badyh Kalk\u0131nma ve \u0130nsani Yard\u0131m Derne\u011fi<\/title>\n<meta name=\"description\" content=\"Eillerindeki yerel makamlarla koordineli olarak uygul-Badiye Kalk\u0131nma ve \u0130nsani Yard\u0131m Derne\u011fi, 2-8 Mart tarihleri \u200b\u200baras\u0131nda, T\u00fcrkiye\" \/>\n<meta name=\"robots\" content=\"index, follow, max-snippet:-1, max-image-preview:large, max-video-preview:-1\" \/>\n<link rel=\"canonical\" href=\"https:\/\/badyh.org\/tr\/2023\/03\/06\/tuk-tuk-sepetli-motosikletin\/\" \/>\n<meta property=\"og:locale\" content=\"tr_TR\" \/>\n<meta property=\"og:type\" content=\"article\" \/>\n<meta property=\"og:title\" content=\"T\u00fcrkiye Diyanet Vakf\u0131 taraf\u0131ndan finanse , El-Badiye Kalk\u0131nma ve \u0130nsani Yard\u0131m Derne\u011fi, Marib ve Hadramut illerinde 100 adet Tuk Tuk Sepetli Motosikletin da\u011f\u0131t\u0131m\u0131na ba\u015fl\u0131yor. - El-Badyh Kalk\u0131nma ve \u0130nsani Yard\u0131m Derne\u011fi\" \/>\n<meta property=\"og:description\" content=\"Eillerindeki yerel makamlarla koordineli olarak uygul-Badiye Kalk\u0131nma ve \u0130nsani Yard\u0131m Derne\u011fi, 2-8 Mart tarihleri \u200b\u200baras\u0131nda, T\u00fcrkiye\" \/>\n<meta property=\"og:url\" content=\"https:\/\/badyh.org\/tr\/2023\/03\/06\/tuk-tuk-sepetli-motosikletin\/\" \/>\n<meta property=\"og:site_name\" content=\"El-Badyh Kalk\u0131nma ve \u0130nsani Yard\u0131m Derne\u011fi\" \/>\n<meta property=\"article:published_time\" content=\"2023-03-06T17:23:57+00:00\" \/>\n<meta property=\"og:image\" content=\"https:\/\/badyh.org\/tr\/wp-content\/uploads\/sites\/3\/2023\/03\/DJI_0110-HDTV-1080.jpg\" \/>\n\t<meta property=\"og:image:width\" content=\"1920\" \/>\n\t<meta property=\"og:image:height\" content=\"1080\" \/>\n\t<meta property=\"og:image:type\" content=\"image\/jpeg\" \/>\n<meta name=\"author\" content=\"\u0641\u0627\u0626\u0632 \u0627\u0644\u0645\u062d\u0648\u0631\u0642\" \/>\n<meta name=\"twitter:card\" content=\"summary_large_image\" \/>\n<meta name=\"twitter:label1\" content=\"Yazan:\" \/>\n\t<meta name=\"twitter:data1\" content=\"\u0641\u0627\u0626\u0632 \u0627\u0644\u0645\u062d\u0648\u0631\u0642\" \/>\n\t<meta name=\"twitter:label2\" content=\"Tahmini okuma s\u00fcresi\" \/>\n\t<meta name=\"twitter:data2\" content=\"4 dakika\" \/>\n<script type=\"application\/ld+json\" class=\"yoast-schema-graph\">{\"@context\":\"https:\\\/\\\/schema.org\",\"@graph\":[{\"@type\":\"Article\",\"@id\":\"https:\\\/\\\/badyh.org\\\/tr\\\/2023\\\/03\\\/06\\\/tuk-tuk-sepetli-motosikletin\\\/#article\",\"isPartOf\":{\"@id\":\"https:\\\/\\\/badyh.org\\\/tr\\\/2023\\\/03\\\/06\\\/tuk-tuk-sepetli-motosikletin\\\/\"},\"author\":{\"name\":\"\u0641\u0627\u0626\u0632 \u0627\u0644\u0645\u062d\u0648\u0631\u0642\",\"@id\":\"https:\\\/\\\/badyh.org\\\/tr\\\/#\\\/schema\\\/person\\\/08e49111cb12823bc6e18850ee9bfee9\"},\"headline\":\"T\u00fcrkiye Diyanet Vakf\u0131 taraf\u0131ndan finanse , El-Badiye Kalk\u0131nma ve \u0130nsani Yard\u0131m Derne\u011fi, Marib ve Hadramut illerinde 100 adet Tuk Tuk Sepetli Motosikletin da\u011f\u0131t\u0131m\u0131na ba\u015fl\u0131yor.\",\"datePublished\":\"2023-03-06T17:23:57+00:00\",\"mainEntityOfPage\":{\"@id\":\"https:\\\/\\\/badyh.org\\\/tr\\\/2023\\\/03\\\/06\\\/tuk-tuk-sepetli-motosikletin\\\/\"},\"wordCount\":766,\"commentCount\":0,\"image\":{\"@id\":\"https:\\\/\\\/badyh.org\\\/tr\\\/2023\\\/03\\\/06\\\/tuk-tuk-sepetli-motosikletin\\\/#primaryimage\"},\"thumbnailUrl\":\"https:\\\/\\\/badyh.org\\\/tr\\\/wp-content\\\/uploads\\\/sites\\\/3\\\/2023\\\/03\\\/DJI_0110-HDTV-1080.jpg\",\"keywords\":[\"Hadramut\",\"\u0130nsani Yard\u0131m Derne\u011fi\",\"Marib\",\"Tuk Tuk\",\"T\u00fcrkiye\"],\"articleSection\":[\"Haberler\"],\"inLanguage\":\"tr\",\"potentialAction\":[{\"@type\":\"CommentAction\",\"name\":\"Comment\",\"target\":[\"https:\\\/\\\/badyh.org\\\/tr\\\/2023\\\/03\\\/06\\\/tuk-tuk-sepetli-motosikletin\\\/#respond\"]}]},{\"@type\":\"WebPage\",\"@id\":\"https:\\\/\\\/badyh.org\\\/tr\\\/2023\\\/03\\\/06\\\/tuk-tuk-sepetli-motosikletin\\\/\",\"url\":\"https:\\\/\\\/badyh.org\\\/tr\\\/2023\\\/03\\\/06\\\/tuk-tuk-sepetli-motosikletin\\\/\",\"name\":\"T\u00fcrkiye Diyanet Vakf\u0131 taraf\u0131ndan finanse , El-Badiye Kalk\u0131nma ve \u0130nsani Yard\u0131m Derne\u011fi, Marib ve Hadramut illerinde 100 adet Tuk Tuk Sepetli Motosikletin da\u011f\u0131t\u0131m\u0131na ba\u015fl\u0131yor. - El-Badyh Kalk\u0131nma ve \u0130nsani Yard\u0131m Derne\u011fi\",\"isPartOf\":{\"@id\":\"https:\\\/\\\/badyh.org\\\/tr\\\/#website\"},\"primaryImageOfPage\":{\"@id\":\"https:\\\/\\\/badyh.org\\\/tr\\\/2023\\\/03\\\/06\\\/tuk-tuk-sepetli-motosikletin\\\/#primaryimage\"},\"image\":{\"@id\":\"https:\\\/\\\/badyh.org\\\/tr\\\/2023\\\/03\\\/06\\\/tuk-tuk-sepetli-motosikletin\\\/#primaryimage\"},\"thumbnailUrl\":\"https:\\\/\\\/badyh.org\\\/tr\\\/wp-content\\\/uploads\\\/sites\\\/3\\\/2023\\\/03\\\/DJI_0110-HDTV-1080.jpg\",\"datePublished\":\"2023-03-06T17:23:57+00:00\",\"author\":{\"@id\":\"https:\\\/\\\/badyh.org\\\/tr\\\/#\\\/schema\\\/person\\\/08e49111cb12823bc6e18850ee9bfee9\"},\"description\":\"Eillerindeki yerel makamlarla koordineli olarak uygul-Badiye Kalk\u0131nma ve \u0130nsani Yard\u0131m Derne\u011fi, 2-8 Mart tarihleri \u200b\u200baras\u0131nda, T\u00fcrkiye\",\"breadcrumb\":{\"@id\":\"https:\\\/\\\/badyh.org\\\/tr\\\/2023\\\/03\\\/06\\\/tuk-tuk-sepetli-motosikletin\\\/#breadcrumb\"},\"inLanguage\":\"tr\",\"potentialAction\":[{\"@type\":\"ReadAction\",\"target\":[\"https:\\\/\\\/badyh.org\\\/tr\\\/2023\\\/03\\\/06\\\/tuk-tuk-sepetli-motosikletin\\\/\"]}]},{\"@type\":\"ImageObject\",\"inLanguage\":\"tr\",\"@id\":\"https:\\\/\\\/badyh.org\\\/tr\\\/2023\\\/03\\\/06\\\/tuk-tuk-sepetli-motosikletin\\\/#primaryimage\",\"url\":\"https:\\\/\\\/badyh.org\\\/tr\\\/wp-content\\\/uploads\\\/sites\\\/3\\\/2023\\\/03\\\/DJI_0110-HDTV-1080.jpg\",\"contentUrl\":\"https:\\\/\\\/badyh.org\\\/tr\\\/wp-content\\\/uploads\\\/sites\\\/3\\\/2023\\\/03\\\/DJI_0110-HDTV-1080.jpg\",\"width\":1920,\"height\":1080,\"caption\":\"DCIM101MEDIADJI_0110.JPG\"},{\"@type\":\"BreadcrumbList\",\"@id\":\"https:\\\/\\\/badyh.org\\\/tr\\\/2023\\\/03\\\/06\\\/tuk-tuk-sepetli-motosikletin\\\/#breadcrumb\",\"itemListElement\":[{\"@type\":\"ListItem\",\"position\":1,\"name\":\"\u0627\u0644\u0631\u0626\u064a\u0633\u064a\u0629\",\"item\":\"https:\\\/\\\/badyh.org\\\/tr\\\/\"},{\"@type\":\"ListItem\",\"position\":2,\"name\":\"T\u00fcrkiye Diyanet Vakf\u0131 taraf\u0131ndan finanse , El-Badiye Kalk\u0131nma ve \u0130nsani Yard\u0131m Derne\u011fi, Marib ve Hadramut illerinde 100 adet Tuk Tuk Sepetli Motosikletin da\u011f\u0131t\u0131m\u0131na ba\u015fl\u0131yor.\"}]},{\"@type\":\"WebSite\",\"@id\":\"https:\\\/\\\/badyh.org\\\/tr\\\/#website\",\"url\":\"https:\\\/\\\/badyh.org\\\/tr\\\/\",\"name\":\"El-Badyh Kalk\u0131nma ve \u0130nsani Yard\u0131m Derne\u011fi\",\"description\":\"\u0645\u0648\u0642\u0639 \u0622\u062e\u0631 \u0641\u064a \u0645\u0624\u0633\u0633\u0629 \u0627\u0644\u0628\u0627\u062f\u064a\u0629 \u0644\u0644\u062a\u0646\u0645\u064a\u0629 \u0648\u0627\u0644\u0627\u0639\u0645\u0627\u0644 \u0627\u0644\u0625\u0646\u0633\u0627\u0646\u064a\u0629\",\"potentialAction\":[{\"@type\":\"SearchAction\",\"target\":{\"@type\":\"EntryPoint\",\"urlTemplate\":\"https:\\\/\\\/badyh.org\\\/tr\\\/?s={search_term_string}\"},\"query-input\":{\"@type\":\"PropertyValueSpecification\",\"valueRequired\":true,\"valueName\":\"search_term_string\"}}],\"inLanguage\":\"tr\"},{\"@type\":\"Person\",\"@id\":\"https:\\\/\\\/badyh.org\\\/tr\\\/#\\\/schema\\\/person\\\/08e49111cb12823bc6e18850ee9bfee9\",\"name\":\"\u0641\u0627\u0626\u0632 \u0627\u0644\u0645\u062d\u0648\u0631\u0642\",\"image\":{\"@type\":\"ImageObject\",\"inLanguage\":\"tr\",\"@id\":\"https:\\\/\\\/secure.gravatar.com\\\/avatar\\\/f6d6bae32f39bffdfefbb3a8465e18bb771365fdc03ee5118bdb5cc4a2c79398?s=96&d=mm&r=g\",\"url\":\"https:\\\/\\\/secure.gravatar.com\\\/avatar\\\/f6d6bae32f39bffdfefbb3a8465e18bb771365fdc03ee5118bdb5cc4a2c79398?s=96&d=mm&r=g\",\"contentUrl\":\"https:\\\/\\\/secure.gravatar.com\\\/avatar\\\/f6d6bae32f39bffdfefbb3a8465e18bb771365fdc03ee5118bdb5cc4a2c79398?s=96&d=mm&r=g\",\"caption\":\"\u0641\u0627\u0626\u0632 \u0627\u0644\u0645\u062d\u0648\u0631\u0642\"},\"url\":\"https:\\\/\\\/badyh.org\\\/tr\\\/author\\\/faeezmm1988\\\/\"}]}<\/script>\n<!-- \/ Yoast SEO plugin. -->","yoast_head_json":{"title":"T\u00fcrkiye Diyanet Vakf\u0131 taraf\u0131ndan finanse , El-Badiye Kalk\u0131nma ve \u0130nsani Yard\u0131m Derne\u011fi, Marib ve Hadramut illerinde 100 adet Tuk Tuk Sepetli Motosikletin da\u011f\u0131t\u0131m\u0131na ba\u015fl\u0131yor. - El-Badyh Kalk\u0131nma ve \u0130nsani Yard\u0131m Derne\u011fi","description":"Eillerindeki yerel makamlarla koordineli olarak uygul-Badiye Kalk\u0131nma ve \u0130nsani Yard\u0131m Derne\u011fi, 2-8 Mart tarihleri \u200b\u200baras\u0131nda, T\u00fcrkiye","robots":{"index":"index","follow":"follow","max-snippet":"max-snippet:-1","max-image-preview":"max-image-preview:large","max-video-preview":"max-video-preview:-1"},"canonical":"https:\/\/badyh.org\/tr\/2023\/03\/06\/tuk-tuk-sepetli-motosikletin\/","og_locale":"tr_TR","og_type":"article","og_title":"T\u00fcrkiye Diyanet Vakf\u0131 taraf\u0131ndan finanse , El-Badiye Kalk\u0131nma ve \u0130nsani Yard\u0131m Derne\u011fi, Marib ve Hadramut illerinde 100 adet Tuk Tuk Sepetli Motosikletin da\u011f\u0131t\u0131m\u0131na ba\u015fl\u0131yor. - El-Badyh Kalk\u0131nma ve \u0130nsani Yard\u0131m Derne\u011fi","og_description":"Eillerindeki yerel makamlarla koordineli olarak uygul-Badiye Kalk\u0131nma ve \u0130nsani Yard\u0131m Derne\u011fi, 2-8 Mart tarihleri \u200b\u200baras\u0131nda, T\u00fcrkiye","og_url":"https:\/\/badyh.org\/tr\/2023\/03\/06\/tuk-tuk-sepetli-motosikletin\/","og_site_name":"El-Badyh Kalk\u0131nma ve \u0130nsani Yard\u0131m Derne\u011fi","article_published_time":"2023-03-06T17:23:57+00:00","og_image":[{"width":1920,"height":1080,"url":"https:\/\/badyh.org\/tr\/wp-content\/uploads\/sites\/3\/2023\/03\/DJI_0110-HDTV-1080.jpg","type":"image\/jpeg"}],"author":"\u0641\u0627\u0626\u0632 \u0627\u0644\u0645\u062d\u0648\u0631\u0642","twitter_card":"summary_large_image","twitter_misc":{"Yazan:":"\u0641\u0627\u0626\u0632 \u0627\u0644\u0645\u062d\u0648\u0631\u0642","Tahmini okuma s\u00fcresi":"4 dakika"},"schema":{"@context":"https:\/\/schema.org","@graph":[{"@type":"Article","@id":"https:\/\/badyh.org\/tr\/2023\/03\/06\/tuk-tuk-sepetli-motosikletin\/#article","isPartOf":{"@id":"https:\/\/badyh.org\/tr\/2023\/03\/06\/tuk-tuk-sepetli-motosikletin\/"},"author":{"name":"\u0641\u0627\u0626\u0632 \u0627\u0644\u0645\u062d\u0648\u0631\u0642","@id":"https:\/\/badyh.org\/tr\/#\/schema\/person\/08e49111cb12823bc6e18850ee9bfee9"},"headline":"T\u00fcrkiye Diyanet Vakf\u0131 taraf\u0131ndan finanse , El-Badiye Kalk\u0131nma ve \u0130nsani Yard\u0131m Derne\u011fi, Marib ve Hadramut illerinde 100 adet Tuk Tuk Sepetli Motosikletin da\u011f\u0131t\u0131m\u0131na ba\u015fl\u0131yor.","datePublished":"2023-03-06T17:23:57+00:00","mainEntityOfPage":{"@id":"https:\/\/badyh.org\/tr\/2023\/03\/06\/tuk-tuk-sepetli-motosikletin\/"},"wordCount":766,"commentCount":0,"image":{"@id":"https:\/\/badyh.org\/tr\/2023\/03\/06\/tuk-tuk-sepetli-motosikletin\/#primaryimage"},"thumbnailUrl":"https:\/\/badyh.org\/tr\/wp-content\/uploads\/sites\/3\/2023\/03\/DJI_0110-HDTV-1080.jpg","keywords":["Hadramut","\u0130nsani Yard\u0131m Derne\u011fi","Marib","Tuk Tuk","T\u00fcrkiye"],"articleSection":["Haberler"],"inLanguage":"tr","potentialAction":[{"@type":"CommentAction","name":"Comment","target":["https:\/\/badyh.org\/tr\/2023\/03\/06\/tuk-tuk-sepetli-motosikletin\/#respond"]}]},{"@type":"WebPage","@id":"https:\/\/badyh.org\/tr\/2023\/03\/06\/tuk-tuk-sepetli-motosikletin\/","url":"https:\/\/badyh.org\/tr\/2023\/03\/06\/tuk-tuk-sepetli-motosikletin\/","name":"T\u00fcrkiye Diyanet Vakf\u0131 taraf\u0131ndan finanse , El-Badiye Kalk\u0131nma ve \u0130nsani Yard\u0131m Derne\u011fi, Marib ve Hadramut illerinde 100 adet Tuk Tuk Sepetli Motosikletin da\u011f\u0131t\u0131m\u0131na ba\u015fl\u0131yor. - El-Badyh Kalk\u0131nma ve \u0130nsani Yard\u0131m Derne\u011fi","isPartOf":{"@id":"https:\/\/badyh.org\/tr\/#website"},"primaryImageOfPage":{"@id":"https:\/\/badyh.org\/tr\/2023\/03\/06\/tuk-tuk-sepetli-motosikletin\/#primaryimage"},"image":{"@id":"https:\/\/badyh.org\/tr\/2023\/03\/06\/tuk-tuk-sepetli-motosikletin\/#primaryimage"},"thumbnailUrl":"https:\/\/badyh.org\/tr\/wp-content\/uploads\/sites\/3\/2023\/03\/DJI_0110-HDTV-1080.jpg","datePublished":"2023-03-06T17:23:57+00:00","author":{"@id":"https:\/\/badyh.org\/tr\/#\/schema\/person\/08e49111cb12823bc6e18850ee9bfee9"},"description":"Eillerindeki yerel makamlarla koordineli olarak uygul-Badiye Kalk\u0131nma ve \u0130nsani Yard\u0131m Derne\u011fi, 2-8 Mart tarihleri \u200b\u200baras\u0131nda, T\u00fcrkiye","breadcrumb":{"@id":"https:\/\/badyh.org\/tr\/2023\/03\/06\/tuk-tuk-sepetli-motosikletin\/#breadcrumb"},"inLanguage":"tr","potentialAction":[{"@type":"ReadAction","target":["https:\/\/badyh.org\/tr\/2023\/03\/06\/tuk-tuk-sepetli-motosikletin\/"]}]},{"@type":"ImageObject","inLanguage":"tr","@id":"https:\/\/badyh.org\/tr\/2023\/03\/06\/tuk-tuk-sepetli-motosikletin\/#primaryimage","url":"https:\/\/badyh.org\/tr\/wp-content\/uploads\/sites\/3\/2023\/03\/DJI_0110-HDTV-1080.jpg","contentUrl":"https:\/\/badyh.org\/tr\/wp-content\/uploads\/sites\/3\/2023\/03\/DJI_0110-HDTV-1080.jpg","width":1920,"height":1080,"caption":"DCIM101MEDIADJI_0110.JPG"},{"@type":"BreadcrumbList","@id":"https:\/\/badyh.org\/tr\/2023\/03\/06\/tuk-tuk-sepetli-motosikletin\/#breadcrumb","itemListElement":[{"@type":"ListItem","position":1,"name":"\u0627\u0644\u0631\u0626\u064a\u0633\u064a\u0629","item":"https:\/\/badyh.org\/tr\/"},{"@type":"ListItem","position":2,"name":"T\u00fcrkiye Diyanet Vakf\u0131 taraf\u0131ndan finanse , El-Badiye Kalk\u0131nma ve \u0130nsani Yard\u0131m Derne\u011fi, Marib ve Hadramut illerinde 100 adet Tuk Tuk Sepetli Motosikletin da\u011f\u0131t\u0131m\u0131na ba\u015fl\u0131yor."}]},{"@type":"WebSite","@id":"https:\/\/badyh.org\/tr\/#website","url":"https:\/\/badyh.org\/tr\/","name":"El-Badyh Kalk\u0131nma ve \u0130nsani Yard\u0131m Derne\u011fi","description":"\u0645\u0648\u0642\u0639 \u0622\u062e\u0631 \u0641\u064a \u0645\u0624\u0633\u0633\u0629 \u0627\u0644\u0628\u0627\u062f\u064a\u0629 \u0644\u0644\u062a\u0646\u0645\u064a\u0629 \u0648\u0627\u0644\u0627\u0639\u0645\u0627\u0644 \u0627\u0644\u0625\u0646\u0633\u0627\u0646\u064a\u0629","potentialAction":[{"@type":"SearchAction","target":{"@type":"EntryPoint","urlTemplate":"https:\/\/badyh.org\/tr\/?s={search_term_string}"},"query-input":{"@type":"PropertyValueSpecification","valueRequired":true,"valueName":"search_term_string"}}],"inLanguage":"tr"},{"@type":"Person","@id":"https:\/\/badyh.org\/tr\/#\/schema\/person\/08e49111cb12823bc6e18850ee9bfee9","name":"\u0641\u0627\u0626\u0632 \u0627\u0644\u0645\u062d\u0648\u0631\u0642","image":{"@type":"ImageObject","inLanguage":"tr","@id":"https:\/\/secure.gravatar.com\/avatar\/f6d6bae32f39bffdfefbb3a8465e18bb771365fdc03ee5118bdb5cc4a2c79398?s=96&d=mm&r=g","url":"https:\/\/secure.gravatar.com\/avatar\/f6d6bae32f39bffdfefbb3a8465e18bb771365fdc03ee5118bdb5cc4a2c79398?s=96&d=mm&r=g","contentUrl":"https:\/\/secure.gravatar.com\/avatar\/f6d6bae32f39bffdfefbb3a8465e18bb771365fdc03ee5118bdb5cc4a2c79398?s=96&d=mm&r=g","caption":"\u0641\u0627\u0626\u0632 \u0627\u0644\u0645\u062d\u0648\u0631\u0642"},"url":"https:\/\/badyh.org\/tr\/author\/faeezmm1988\/"}]}},"jetpack_featured_media_url":"https:\/\/badyh.org\/tr\/wp-content\/uploads\/sites\/3\/2023\/03\/DJI_0110-HDTV-1080.jpg","jetpack_sharing_enabled":true,"_links":{"self":[{"href":"https:\/\/badyh.org\/tr\/wp-json\/wp\/v2\/posts\/5321","targetHints":{"allow":["GET"]}}],"collection":[{"href":"https:\/\/badyh.org\/tr\/wp-json\/wp\/v2\/posts"}],"about":[{"href":"https:\/\/badyh.org\/tr\/wp-json\/wp\/v2\/types\/post"}],"author":[{"embeddable":true,"href":"https:\/\/badyh.org\/tr\/wp-json\/wp\/v2\/users\/2"}],"replies":[{"embeddable":true,"href":"https:\/\/badyh.org\/tr\/wp-json\/wp\/v2\/comments?post=5321"}],"version-history":[{"count":0,"href":"https:\/\/badyh.org\/tr\/wp-json\/wp\/v2\/posts\/5321\/revisions"}],"wp:featuredmedia":[{"embeddable":true,"href":"https:\/\/badyh.org\/tr\/wp-json\/wp\/v2\/media\/5322"}],"wp:attachment":[{"href":"https:\/\/badyh.org\/tr\/wp-json\/wp\/v2\/media?parent=5321"}],"wp:term":[{"taxonomy":"category","embeddable":true,"href":"https:\/\/badyh.org\/tr\/wp-json\/wp\/v2\/categories?post=5321"},{"taxonomy":"post_tag","embeddable":true,"href":"https:\/\/badyh.org\/tr\/wp-json\/wp\/v2\/tags?post=5321"}],"curies":[{"name":"wp","href":"https:\/\/api.w.org\/{rel}","templated":true}]}}